{"id":38124,"date":"2025-01-28T14:03:04","date_gmt":"2025-01-28T14:03:04","guid":{"rendered":"https:\/\/defrentealaverdad.com\/?p=38124"},"modified":"2025-01-28T14:03:04","modified_gmt":"2025-01-28T14:03:04","slug":"morada-presenta-su-vision-y-relanza-el-proyecto-mirada-ambar","status":"publish","type":"post","link":"https:\/\/defrentealaverdad.com\/index.php\/2025\/01\/28\/morada-presenta-su-vision-y-relanza-el-proyecto-mirada-ambar\/","title":{"rendered":"Morada presenta su visi\u00f3n y relanza el proyecto mirada \u00e1mbar"},"content":{"rendered":"<blockquote>\n<p style=\"font-weight: 400;\"><em>Mirada \u00c1mbar redefine el lujo y exclusividad en la regi\u00f3n, siendo una opci\u00f3n ideal para quienes buscan vivir en un entorno \u00fanico.<\/em><\/p>\n<\/blockquote>\n<p style=\"font-weight: 400; text-align: justify;\"><strong>Punta Cana, Rep\u00fablica Dominicana.-<\/strong>\u00a0MORADA Development Group, empresa 100% dominicana y familiar, celebr\u00f3 con \u00e9xito un evento exclusivo donde present\u00f3 su visi\u00f3n empresarial, valores y proyectos en ejecuci\u00f3n, adem\u00e1s de relanzar Mirada \u00c1mbar, un exclusivo desarrollo inmobiliario en el coraz\u00f3n del Cocotal Golf &amp; Country Club.<\/p>\n<p style=\"font-weight: 400; text-align: justify;\">La jornada inici\u00f3 con las palabras de bienvenida de Anyshia Blinderman, Gerente Comercial de MORADA, quien destac\u00f3 los valores que gu\u00edan a la empresa: sostenibilidad, innovaci\u00f3n y calidad en cada uno de sus proyectos. Durante esta introducci\u00f3n, los asistentes participaron en una din\u00e1mica interactiva liderada por los se\u00f1ores Daniel y Arnold Cordero, CEO y COO de MORADA, donde compartieron la historia de la marca y su compromiso con sus clientes.<img decoding=\"async\" class=\"size-medium wp-image-38125 alignright lazyload\" data-src=\"https:\/\/defrentealaverdad.com\/wp-content\/uploads\/2025\/01\/2.-Ezequiel-Rosario-y-Anyshia-Blinderman-300x191.jpg\" alt=\"\" width=\"300\" height=\"191\" data-srcset=\"https:\/\/defrentealaverdad.com\/wp-content\/uploads\/2025\/01\/2.-Ezequiel-Rosario-y-Anyshia-Blinderman-300x191.jpg 300w, https:\/\/defrentealaverdad.com\/wp-content\/uploads\/2025\/01\/2.-Ezequiel-Rosario-y-Anyshia-Blinderman-1024x652.jpg 1024w, https:\/\/defrentealaverdad.com\/wp-content\/uploads\/2025\/01\/2.-Ezequiel-Rosario-y-Anyshia-Blinderman-768x489.jpg 768w, https:\/\/defrentealaverdad.com\/wp-content\/uploads\/2025\/01\/2.-Ezequiel-Rosario-y-Anyshia-Blinderman-1536x978.jpg 1536w, https:\/\/defrentealaverdad.com\/wp-content\/uploads\/2025\/01\/2.-Ezequiel-Rosario-y-Anyshia-Blinderman.jpg 2000w\" data-sizes=\"(max-width: 300px) 100vw, 300px\" src=\"data:image\/svg+xml;base64,PHN2ZyB3aWR0aD0iMSIgaGVpZ2h0PSIxIiB4bWxucz0iaHR0cDovL3d3dy53My5vcmcvMjAwMC9zdmciPjwvc3ZnPg==\" style=\"--smush-placeholder-width: 300px; --smush-placeholder-aspect-ratio: 300\/191;\" \/><\/p>\n<p style=\"font-weight: 400; text-align: justify;\">Ezequiel Rosario, Director Comercial, detall\u00f3 los proyectos emblem\u00e1ticos de MORADA. Entre ellos, Atal\u00eda Green City, un innovador desarrollo que integra villas y apartamentos dise\u00f1ados para la vida moderna, destac\u00e1ndose como el primer proyecto en la zona que cuenta con paneles solares en todas las villas. Este proyecto reafirma el compromiso de MORADA con la sostenibilidad y est\u00e1 en proceso de entregar unidades, consolid\u00e1ndose como un referente en innovaci\u00f3n verde. Tambi\u00e9n destac\u00f3 DAOS Suites y Villas, uno de los desarrollos m\u00e1s exitosos de Punta Cana, que combina una ubicaci\u00f3n estrat\u00e9gica con dise\u00f1os modernos y funcionales.<\/p>\n<p style=\"font-weight: 400; text-align: justify;\"><img decoding=\"async\" class=\"size-medium wp-image-38126 alignleft lazyload\" data-src=\"https:\/\/defrentealaverdad.com\/wp-content\/uploads\/2025\/01\/4.-Equipo-Inmobiliaria-Vinlax-300x200.jpg\" alt=\"\" width=\"300\" height=\"200\" data-srcset=\"https:\/\/defrentealaverdad.com\/wp-content\/uploads\/2025\/01\/4.-Equipo-Inmobiliaria-Vinlax-300x200.jpg 300w, https:\/\/defrentealaverdad.com\/wp-content\/uploads\/2025\/01\/4.-Equipo-Inmobiliaria-Vinlax-1024x681.jpg 1024w, https:\/\/defrentealaverdad.com\/wp-content\/uploads\/2025\/01\/4.-Equipo-Inmobiliaria-Vinlax-768x511.jpg 768w, https:\/\/defrentealaverdad.com\/wp-content\/uploads\/2025\/01\/4.-Equipo-Inmobiliaria-Vinlax-1536x1021.jpg 1536w, https:\/\/defrentealaverdad.com\/wp-content\/uploads\/2025\/01\/4.-Equipo-Inmobiliaria-Vinlax.jpg 2000w\" data-sizes=\"(max-width: 300px) 100vw, 300px\" src=\"data:image\/svg+xml;base64,PHN2ZyB3aWR0aD0iMSIgaGVpZ2h0PSIxIiB4bWxucz0iaHR0cDovL3d3dy53My5vcmcvMjAwMC9zdmciPjwvc3ZnPg==\" style=\"--smush-placeholder-width: 300px; --smush-placeholder-aspect-ratio: 300\/200;\" \/>El punto culminante del evento fue el relanzamiento de Mirada \u00c1mbar, liderado por Anyshia Blinderman, quien subray\u00f3 que este es el \u00fanico proyecto de villas nuevas con dise\u00f1os vanguardistas en un residencial maduro como Cocotal Golf &amp; Country Club, reconocido como el complejo cerrado con m\u00e1s amenidades y el m\u00e1s completo de Punta Cana. Mirada \u00c1mbar redefine el lujo y exclusividad en la regi\u00f3n, siendo una opci\u00f3n ideal para quienes buscan vivir en un entorno \u00fanico.<\/p>\n<p style=\"font-weight: 400; text-align: justify;\">El evento concluy\u00f3 con una experiencia gastron\u00f3mica y un espacio de interacci\u00f3n cercana entre los asistentes, reafirmando la reputaci\u00f3n de MORADA como un referente en el sector inmobiliario dominicano.<\/p>\n<p style=\"font-weight: 400; text-align: justify;\"><strong>Acerca de MORADA<\/strong><\/p>\n<p style=\"font-weight: 400; text-align: justify;\">Fundada en 2010 en Saman\u00e1, MORADA es una desarrolladora 100% dominicana que integra dise\u00f1o, sostenibilidad y funcionalidad en sus proyectos. Con m\u00e1s de 30 colaboradores y un portafolio en constante expansi\u00f3n, MORADA contin\u00faa consolid\u00e1ndose como referente en el mercado inmobiliario nacional.<\/p>\n<p style=\"font-weight: 400; text-align: justify;\">Para m\u00e1s informaci\u00f3n, visite:\u00a0<a href=\"http:\/\/www.morada.do\/\" data-saferedirecturl=\"https:\/\/www.google.com\/url?q=http:\/\/www.morada.do&amp;source=gmail&amp;ust=1738159256736000&amp;usg=AOvVaw0uZEiqIqID0qG8Jiwhppkq\">www.morada.do<\/a><\/p>\n<p style=\"font-weight: 400; text-align: justify;\">\n","protected":false},"excerpt":{"rendered":"<p>Mirada \u00c1mbar redefine el lujo y exclusividad en la regi\u00f3n, siendo una opci\u00f3n ideal para<\/p>\n","protected":false},"author":4,"featured_media":38127,"comment_status":"open","ping_status":"open","sticky":false,"template":"","format":"standard","meta":{"footnotes":""},"categories":[11],"tags":[],"class_list":["post-38124","post","type-post","status-publish","format-standard","has-post-thumbnail","hentry","category-turismo"],"_links":{"self":[{"href":"https:\/\/defrentealaverdad.com\/index.php\/wp-json\/wp\/v2\/posts\/38124","targetHints":{"allow":["GET"]}}],"collection":[{"href":"https:\/\/defrentealaverdad.com\/index.php\/wp-json\/wp\/v2\/posts"}],"about":[{"href":"https:\/\/defrentealaverdad.com\/index.php\/wp-json\/wp\/v2\/types\/post"}],"author":[{"embeddable":true,"href":"https:\/\/defrentealaverdad.com\/index.php\/wp-json\/wp\/v2\/users\/4"}],"replies":[{"embeddable":true,"href":"https:\/\/defrentealaverdad.com\/index.php\/wp-json\/wp\/v2\/comments?post=38124"}],"version-history":[{"count":1,"href":"https:\/\/defrentealaverdad.com\/index.php\/wp-json\/wp\/v2\/posts\/38124\/revisions"}],"predecessor-version":[{"id":38128,"href":"https:\/\/defrentealaverdad.com\/index.php\/wp-json\/wp\/v2\/posts\/38124\/revisions\/38128"}],"wp:featuredmedia":[{"embeddable":true,"href":"https:\/\/defrentealaverdad.com\/index.php\/wp-json\/wp\/v2\/media\/38127"}],"wp:attachment":[{"href":"https:\/\/defrentealaverdad.com\/index.php\/wp-json\/wp\/v2\/media?parent=38124"}],"wp:term":[{"taxonomy":"category","embeddable":true,"href":"https:\/\/defrentealaverdad.com\/index.php\/wp-json\/wp\/v2\/categories?post=38124"},{"taxonomy":"post_tag","embeddable":true,"href":"https:\/\/defrentealaverdad.com\/index.php\/wp-json\/wp\/v2\/tags?post=38124"}],"curies":[{"name":"wp","href":"https:\/\/api.w.org\/{rel}","templated":true}]}}