{"id":38116,"date":"2025-01-27T22:54:03","date_gmt":"2025-01-27T22:54:03","guid":{"rendered":"https:\/\/defrentealaverdad.com\/?p=38116"},"modified":"2025-01-27T22:54:03","modified_gmt":"2025-01-27T22:54:03","slug":"yonall-ley-se-renueva","status":"publish","type":"post","link":"https:\/\/defrentealaverdad.com\/index.php\/2025\/01\/27\/yonall-ley-se-renueva\/","title":{"rendered":"Yonall Ley se renueva"},"content":{"rendered":"<p style=\"text-align: justify;\">El talentoso cantante y compositor urbano Yonalberto Carela P\u00e9rez, conocido en el medio art\u00edstico, \u201cYonall Ley\u201d, contin\u00faa en la industria musical con una serie de canciones de Dembow, Rap y Trap y viene renovado y m\u00e1s fuerte que nunca, para lograr posicionarse a nivel nacional e internacional.<\/p>\n<p style=\"text-align: justify;\">Adem\u00e1s de su talento como compositor, Yonall es conocido por su impresionante habilidad para improvisar freestyle, una destreza que le permiti\u00f3 ganar visibilidad en redes sociales y establecer contacto con figuras influyentes del \u00e1mbito musical. En 2020, estren\u00f3 su primer sencillo, titulado \u00abDe Vitrina<\/p>\n<p style=\"text-align: justify;\">Entre sus sencillos, sobresalen: \u201dVoltaje\u00bb, \u201cFumando\u00bb, \u00abArrebatao\u00bb, \u00abLento Lento\u00bb, \u00abTu No Aguanta\u00bb Y \u00abKikirin\u00bb, los cuales van en ascenso en reproducciones en YouTube, ahora estrenando su nuevo tema reciente, con su video disponible: \u201cEsa Tipa\u00bb.<\/p>\n<p style=\"text-align: justify;\"><strong>\u00bfQui\u00e9n es Yonall Ley?<\/strong><\/p>\n<p style=\"text-align: justify;\">Yonalberto Carela P\u00e9rez, conocido en el medio art\u00edstico y musical como Yonall Ley, es un cantante y compositor dominicano del g\u00e9nero urbano, naci\u00f3 el 16 de julio del 2001, en la maternidad de Los Mina, pero es oriundo de Los Mameyes, Santo Domingo Este, Rep\u00fablica Dominicana, se crio en una familia humilde, pero muy trabajadora, con cualidades que escribe y arregla sus canciones, creando composiciones de vivencias que pasan en los barrios y a la vez muy personales.<\/p>\n<p style=\"text-align: justify;\">Lo puede seguir en Instagram: <a href=\"https:\/\/www.instagram.com\/yonall.ley?igsh=N3NlNW4yamk4aTFr\">https:\/\/www.instagram.com\/yonall.ley?igsh=N3NlNW4yamk4aTFr<\/a><\/p>\n<p>&nbsp;<\/p>\n<p>Fuente: RR. PP. Yonall Ley<\/p>\n","protected":false},"excerpt":{"rendered":"<p>El talentoso cantante y compositor urbano Yonalberto Carela P\u00e9rez, conocido en el medio art\u00edstico, \u201cYonall<\/p>\n","protected":false},"author":1,"featured_media":38117,"comment_status":"open","ping_status":"open","sticky":false,"template":"","format":"standard","meta":{"footnotes":""},"categories":[249],"tags":[],"class_list":["post-38116","post","type-post","status-publish","format-standard","has-post-thumbnail","hentry","category-farandula"],"_links":{"self":[{"href":"https:\/\/defrentealaverdad.com\/index.php\/wp-json\/wp\/v2\/posts\/38116","targetHints":{"allow":["GET"]}}],"collection":[{"href":"https:\/\/defrentealaverdad.com\/index.php\/wp-json\/wp\/v2\/posts"}],"about":[{"href":"https:\/\/defrentealaverdad.com\/index.php\/wp-json\/wp\/v2\/types\/post"}],"author":[{"embeddable":true,"href":"https:\/\/defrentealaverdad.com\/index.php\/wp-json\/wp\/v2\/users\/1"}],"replies":[{"embeddable":true,"href":"https:\/\/defrentealaverdad.com\/index.php\/wp-json\/wp\/v2\/comments?post=38116"}],"version-history":[{"count":1,"href":"https:\/\/defrentealaverdad.com\/index.php\/wp-json\/wp\/v2\/posts\/38116\/revisions"}],"predecessor-version":[{"id":38118,"href":"https:\/\/defrentealaverdad.com\/index.php\/wp-json\/wp\/v2\/posts\/38116\/revisions\/38118"}],"wp:featuredmedia":[{"embeddable":true,"href":"https:\/\/defrentealaverdad.com\/index.php\/wp-json\/wp\/v2\/media\/38117"}],"wp:attachment":[{"href":"https:\/\/defrentealaverdad.com\/index.php\/wp-json\/wp\/v2\/media?parent=38116"}],"wp:term":[{"taxonomy":"category","embeddable":true,"href":"https:\/\/defrentealaverdad.com\/index.php\/wp-json\/wp\/v2\/categories?post=38116"},{"taxonomy":"post_tag","embeddable":true,"href":"https:\/\/defrentealaverdad.com\/index.php\/wp-json\/wp\/v2\/tags?post=38116"}],"curies":[{"name":"wp","href":"https:\/\/api.w.org\/{rel}","templated":true}]}}