{"id":38113,"date":"2025-01-27T22:51:39","date_gmt":"2025-01-27T22:51:39","guid":{"rendered":"https:\/\/defrentealaverdad.com\/?p=38113"},"modified":"2025-01-27T22:51:39","modified_gmt":"2025-01-27T22:51:39","slug":"carolina-mejia-conversa-con-estudiantes-de-capotillo-sobre-responsabilidad-ciudadana","status":"publish","type":"post","link":"https:\/\/defrentealaverdad.com\/index.php\/2025\/01\/27\/carolina-mejia-conversa-con-estudiantes-de-capotillo-sobre-responsabilidad-ciudadana\/","title":{"rendered":"Carolina Mej\u00eda conversa con estudiantes de Capotillo sobre responsabilidad ciudadana"},"content":{"rendered":"<blockquote>\n<p style=\"text-align: justify;\">J\u00f3venes del Centro Santo Cura de ARS expusieron con entusiasmo sus inquietudes y recibieron la respuesta de la alcaldesa<\/p>\n<\/blockquote>\n<p style=\"text-align: justify;\"><strong>Santo Domingo, DN<\/strong> &#8211; La alcaldesa Carolina Mej\u00eda llev\u00f3 al Centro Educativo Santo Cura de ARS, ubicado en Ensanche Capotillo, una charla sobre responsabilidad ciudadana, manejo de residuos s\u00f3lidos y las funciones del cabildo, a trav\u00e9s del programa la Alcald\u00eda Llega a Ti.<\/p>\n<p style=\"text-align: justify;\">En el sal\u00f3n Profesor Jos\u00e9 Valent\u00edn Pi\u00f1a, la ejecutiva municipal comparti\u00f3 c\u00f3mo ha sido su experiencia en el cabildo y envi\u00f3 un mensaje a los j\u00f3venes para que no desaprovechen las oportunidades de aprendizaje que les ofrece el referido centro educativo y la vida.<\/p>\n<blockquote>\n<p style=\"text-align: justify;\">\u201cTenemos que dotarnos de las posibilidades de aprendizaje y herramientas, pero eso es una decisi\u00f3n que quiero que ustedes se lleven hoy, quiz\u00e1s la m\u00e1s importante, todo lo que se les presente que puedan aprender tanto acad\u00e9mica como de oficio, aprendan\u201d, agreg\u00f3 Mej\u00eda.<\/p>\n<\/blockquote>\n<p style=\"text-align: justify;\">Asimismo, resalt\u00f3 los lugares de preparaci\u00f3n que se han impulsado desde el ayuntamiento, con el apoyo del Gobierno central y del sector privado, como lo es Centro Futuro, un espacio en el que se ofrece formaci\u00f3n t\u00e9cnico-profesional gratuita en Cristo Rey.<\/p>\n<blockquote>\n<p style=\"text-align: justify;\">\u201cYo soy honesta, sensible, responsable, hago mi trabajo con amor y duermo tranquila por la paz de Dios, haciendo y cumpliendo con el mayor esfuerzo posible para trabajar en favor de los capitale\u00f1os y capitale\u00f1as\u201d, manifest\u00f3.<\/p>\n<\/blockquote>\n<p>Mej\u00eda a\u00f1adi\u00f3 al describie su rol::<\/p>\n<blockquote><p>\u201cComo dirigente de un partido pol\u00edtico, pertenezco a un equipo y yo trabajo para el pueblo. Para m\u00ed, el trabajo que yo realizo, en ning\u00fan sentido, ni en ning\u00fan escenario es un sacrificio, es una decisi\u00f3n que tomo y trabajo siempre con amor\u201d<\/p><\/blockquote>\n<p style=\"text-align: justify;\">Luego del conversatorio, la alcaldesa fue abordada por estudiantes con los que se tom\u00f3 varias fotos.\u00a0 En cada centro, Carolina Mej\u00eda hace un llamado a la integraci\u00f3n de los j\u00f3venes para que sean un ejemplo palpable para su familia y entorno.<\/p>\n<p style=\"text-align: justify;\">Como parte de este programa, la ejecutiva municipal tambi\u00e9n ha visitado a los estudiantes del Instituto Polit\u00e9cnico Bartolom\u00e9 Vegh, Carol Morgan School, Notre Dame School, Calasanz, MC School, Ashton School, Instituto Salesiano Don Bosco y Lux Mundi, donde ha compartido con entusiasmo con los j\u00f3venes.<\/p>\n<p>Fuente: Prensa ADN<\/p>\n","protected":false},"excerpt":{"rendered":"<p>J\u00f3venes del Centro Santo Cura de ARS expusieron con entusiasmo sus inquietudes y recibieron la<\/p>\n","protected":false},"author":4,"featured_media":38114,"comment_status":"open","ping_status":"open","sticky":false,"template":"","format":"standard","meta":{"footnotes":""},"categories":[7],"tags":[],"class_list":["post-38113","post","type-post","status-publish","format-standard","has-post-thumbnail","hentry","category-nacionales"],"_links":{"self":[{"href":"https:\/\/defrentealaverdad.com\/index.php\/wp-json\/wp\/v2\/posts\/38113","targetHints":{"allow":["GET"]}}],"collection":[{"href":"https:\/\/defrentealaverdad.com\/index.php\/wp-json\/wp\/v2\/posts"}],"about":[{"href":"https:\/\/defrentealaverdad.com\/index.php\/wp-json\/wp\/v2\/types\/post"}],"author":[{"embeddable":true,"href":"https:\/\/defrentealaverdad.com\/index.php\/wp-json\/wp\/v2\/users\/4"}],"replies":[{"embeddable":true,"href":"https:\/\/defrentealaverdad.com\/index.php\/wp-json\/wp\/v2\/comments?post=38113"}],"version-history":[{"count":1,"href":"https:\/\/defrentealaverdad.com\/index.php\/wp-json\/wp\/v2\/posts\/38113\/revisions"}],"predecessor-version":[{"id":38115,"href":"https:\/\/defrentealaverdad.com\/index.php\/wp-json\/wp\/v2\/posts\/38113\/revisions\/38115"}],"wp:featuredmedia":[{"embeddable":true,"href":"https:\/\/defrentealaverdad.com\/index.php\/wp-json\/wp\/v2\/media\/38114"}],"wp:attachment":[{"href":"https:\/\/defrentealaverdad.com\/index.php\/wp-json\/wp\/v2\/media?parent=38113"}],"wp:term":[{"taxonomy":"category","embeddable":true,"href":"https:\/\/defrentealaverdad.com\/index.php\/wp-json\/wp\/v2\/categories?post=38113"},{"taxonomy":"post_tag","embeddable":true,"href":"https:\/\/defrentealaverdad.com\/index.php\/wp-json\/wp\/v2\/tags?post=38113"}],"curies":[{"name":"wp","href":"https:\/\/api.w.org\/{rel}","templated":true}]}}