{"id":38110,"date":"2025-01-27T22:48:55","date_gmt":"2025-01-27T22:48:55","guid":{"rendered":"https:\/\/defrentealaverdad.com\/?p=38110"},"modified":"2025-01-27T22:48:55","modified_gmt":"2025-01-27T22:48:55","slug":"el-agn-y-el-instituto-duartiano-inauguraran-exposicion-documental-en-honor-al-natalicio-de-juan-pablo-duarte","status":"publish","type":"post","link":"https:\/\/defrentealaverdad.com\/index.php\/2025\/01\/27\/el-agn-y-el-instituto-duartiano-inauguraran-exposicion-documental-en-honor-al-natalicio-de-juan-pablo-duarte\/","title":{"rendered":"El AGN y el Instituto Duartiano inaugurar\u00e1n exposici\u00f3n documental en honor al natalicio de Juan Pablo Duarte"},"content":{"rendered":"<p style=\"text-align: justify;\"><strong>Santo Domingo <\/strong>\u2013 En conmemoraci\u00f3n del 212 aniversario del natalicio de Juan Pablo Duarte D\u00edez, Padre de la Patria y s\u00edmbolo de la independencia dominicana, el Archivo General de la Naci\u00f3n (AGN) y el Instituto Duartiano presentar\u00e1n la exposici\u00f3n documental <em><strong>\u201cDuarte: La historia de su gloria\u201d.<\/strong> <\/em>Este evento especial ser\u00e1 inaugurado el pr\u00f3ximo 28 de enero, a las 10:00 a. m., en la sede del AGN.<\/p>\n<p style=\"text-align: justify;\">La muestra rendir\u00e1 homenaje a la vida y obra de Duarte, destacando su papel fundamental en la formaci\u00f3n de la identidad y soberan\u00eda nacional. Los visitantes tendr\u00e1n la oportunidad de explorar documentos originales que reflejan su pensamiento visionario y su legado como patriota.<\/p>\n<p style=\"text-align: justify;\">Con esta iniciativa, el AGN reafirma su compromiso con la preservaci\u00f3n de la memoria hist\u00f3rica y cultural de la Rep\u00fablica Dominicana, promoviendo el conocimiento y la reflexi\u00f3n sobre los ideales que guiaron la vida de Duarte.<\/p>\n<p style=\"text-align: justify;\">El Archivo General de la Naci\u00f3n extiende una cordial invitaci\u00f3n a toda la ciudadan\u00eda, instituciones educativas, culturales y medios de comunicaci\u00f3n, a ser part\u00edcipes de este significativo evento. La exposici\u00f3n no solo honra a Duarte como pr\u00f3cer, sino tambi\u00e9n como un s\u00edmbolo de unidad, sacrificio y amor por la patria.<\/p>\n<p>Fuente: Prensa AGN<\/p>\n","protected":false},"excerpt":{"rendered":"<p>Santo Domingo \u2013 En conmemoraci\u00f3n del 212 aniversario del natalicio de Juan Pablo Duarte D\u00edez,<\/p>\n","protected":false},"author":4,"featured_media":38111,"comment_status":"open","ping_status":"open","sticky":false,"template":"","format":"standard","meta":{"footnotes":""},"categories":[7],"tags":[],"class_list":["post-38110","post","type-post","status-publish","format-standard","has-post-thumbnail","hentry","category-nacionales"],"_links":{"self":[{"href":"https:\/\/defrentealaverdad.com\/index.php\/wp-json\/wp\/v2\/posts\/38110","targetHints":{"allow":["GET"]}}],"collection":[{"href":"https:\/\/defrentealaverdad.com\/index.php\/wp-json\/wp\/v2\/posts"}],"about":[{"href":"https:\/\/defrentealaverdad.com\/index.php\/wp-json\/wp\/v2\/types\/post"}],"author":[{"embeddable":true,"href":"https:\/\/defrentealaverdad.com\/index.php\/wp-json\/wp\/v2\/users\/4"}],"replies":[{"embeddable":true,"href":"https:\/\/defrentealaverdad.com\/index.php\/wp-json\/wp\/v2\/comments?post=38110"}],"version-history":[{"count":1,"href":"https:\/\/defrentealaverdad.com\/index.php\/wp-json\/wp\/v2\/posts\/38110\/revisions"}],"predecessor-version":[{"id":38112,"href":"https:\/\/defrentealaverdad.com\/index.php\/wp-json\/wp\/v2\/posts\/38110\/revisions\/38112"}],"wp:featuredmedia":[{"embeddable":true,"href":"https:\/\/defrentealaverdad.com\/index.php\/wp-json\/wp\/v2\/media\/38111"}],"wp:attachment":[{"href":"https:\/\/defrentealaverdad.com\/index.php\/wp-json\/wp\/v2\/media?parent=38110"}],"wp:term":[{"taxonomy":"category","embeddable":true,"href":"https:\/\/defrentealaverdad.com\/index.php\/wp-json\/wp\/v2\/categories?post=38110"},{"taxonomy":"post_tag","embeddable":true,"href":"https:\/\/defrentealaverdad.com\/index.php\/wp-json\/wp\/v2\/tags?post=38110"}],"curies":[{"name":"wp","href":"https:\/\/api.w.org\/{rel}","templated":true}]}}