{"id":38107,"date":"2025-01-27T22:43:52","date_gmt":"2025-01-27T22:43:52","guid":{"rendered":"https:\/\/defrentealaverdad.com\/?p=38107"},"modified":"2025-01-27T22:44:36","modified_gmt":"2025-01-27T22:44:36","slug":"ministerio-de-cultura-el-rostro-amable-creativo-y-ludico-del-gobierno","status":"publish","type":"post","link":"https:\/\/defrentealaverdad.com\/index.php\/2025\/01\/27\/ministerio-de-cultura-el-rostro-amable-creativo-y-ludico-del-gobierno\/","title":{"rendered":"Ministerio de Cultura: El Rostro Amable, Creativo y L\u00fadico del Gobierno."},"content":{"rendered":"<p style=\"text-align: justify;\">El Ministerio de Cultura es una de las instituciones del Estado Dominicano que menor asignaci\u00f3n presupuestaria anual posee en estos momentos. Esa lamentable realidad ha sido caracter\u00edstica en esa instituci\u00f3n desde su fundaci\u00f3n en el a\u00f1o 2000 hasta el presente.<\/p>\n<p style=\"text-align: justify;\">Cada Ministra o Ministro que asume el cargo sabe que all\u00ed s\u00f3lo podr\u00e1 pagar la n\u00f3mina mensual y desarrollar muy pocos proyectos de los programados, o algunos que desee implementar ante los intereses de algunas provincias y regiones del pa\u00eds. A ese hecho tambi\u00e9n se agregan los eventos internacionales que producto de acuerdos firmados con organismos internacionales el gobierno a trav\u00e9s del Ministerio debe llevar a cabo en varios momentos del a\u00f1o.<\/p>\n<p style=\"text-align: justify;\">La comunidad cultural del pa\u00eds conoce plenamente que algunos proyectos emblem\u00e1ticos de esa dependencia, como La Feria Internacional del Libro de Santo Domingo, Festival Internacional de Teatro, Los Premios Anuales de Literatura, entre otros, se han materializado por la intervenci\u00f3n oportuna de funcionarios del Ministerio ante ejecutivos esenciales de la Presidencia de la Rep\u00fablica.<\/p>\n<p style=\"text-align: justify;\">Ese importante organismo estatal necesita en estos momentos una nueva o nuevo Ministro, que junto a sus respectivos viceministros y auxiliares, dise\u00f1e e implemente una nueva y efectiva metodolog\u00eda de trabajo cultural en toda la geograf\u00eda nacional, teniendo muy en cuenta que la Diaspora del Pa\u00eds, debe estar muy presente en ese nuevo modelo de gesti\u00f3n.<\/p>\n<p style=\"text-align: justify;\">M\u00e1s del noventa por ciento del sector cultural del pa\u00eds conoce tanto dentro como fuera del gobierno, un conjunto de seres humanos que podr\u00edan ocupar el mayor cargo ejecutivo del Ministerio, como tambi\u00e9n los gestores culturales para los Viceministerios, Directores Generales y Directores Departamentales.<\/p>\n<p style=\"text-align: justify;\">Desde el mes de Diciembre pasado, y durante todo el mes de enero del a\u00f1o en curso, algunos medios de comunicaci\u00f3n, redes y plataformas multimedia, analistas culturales, cronistas de espect\u00e1culos, pol\u00edticos y cr\u00edticos de artes, han sugerido nombres de mujeres y hombres al Se\u00f1or Presidente de la Rep\u00fablica Luis Abinader Corona, que podr\u00edan desempe\u00f1ar de manera eficiente una labor valiosa desde el cargo, a su gobierno, y al desarrollo cultural del pa\u00eds.<\/p>\n<p style=\"text-align: justify;\">Aprovechando que todav\u00eda el Se\u00f1or Presidente de la Rep\u00fablica no ha tomado una decisi\u00f3n al respecto, aprovecho para sugerirle desde mi simple condici\u00f3n de ciudadano vinculado al hecho cultural nacional, que tome en consideraci\u00f3n la trayectoria creativa, intelectual, la integridad, y formaci\u00f3n profesional de las siguientes personas para dirigir el Ministerio de Cultura en estos momentos, y formar all\u00ed un extraordinario equipo de trabajo.<\/p>\n<p style=\"text-align: justify;\">Mis recomendados ante usted, Se\u00f1or Presidente, son los siguientes: Rafael Peralta Romero, Dagoberto Tejada, Mateo Morrison, Pochi Familia, Amaury S\u00e1nchez, Juan Pablo Uribe, Ilonka Nacidit Perdomo, Carlos Andujar, Manuel Nin Matos, Josefina Mini\u00f1o, Miguel Antonio Jimenez, Veronica Sencion, Pedro Julio Quezada, Julio Cuevas, Ram\u00f3n Rosario Cocco, Eleuterio Silverio, Roberto Cassa, Joseph Caceres, Etzel Baez, Dario Fern\u00e1ndez, Aquiles Julian, Abelino Stanley, Carlos T. Martinez, Emilia Pereira, y Efrain Castillo.<\/p>\n<p style=\"text-align: justify;\">La lista de buenos y din\u00e1micos gestores culturales en el pa\u00eds es amplia y de diversas cualidades. Dif\u00edcilmente cabr\u00edan en estas y otras l\u00edneas medi\u00e1ticas. Lo importante en estos momentos es que el Se\u00f1or Presidente de la Rep\u00fablica cuente con suficientes alternativas sobre el tema, y adopte la m\u00e1s atinada decisi\u00f3n para el desarrollo cultural del Pa\u00eds.<\/p>\n<p style=\"text-align: justify;\">El Ministerio de Cultura requiere en estos momentos gerentes activos, din\u00e1micos y entregados tras el bienestar de la cultura nacional y los gestores que la hacen posible en cada rinc\u00f3n del pa\u00eds.El nuevo equipo de emprendedores del Ministerio de Cultura debe saber que all\u00ed hay que trabajar a tiempo completo, sin malquerencias, ni retaliacion.<\/p>\n<p style=\"text-align: justify;\">El Se\u00f1or Presidente de la Rep\u00fablica debe evitar nombrar all\u00ed personas que s\u00f3lo persiguen crear una aureola ejecutiva en torno a su persona, pero que en definitiva no hacen aportes tangibles a la cultura dominicana.<\/p>\n<p style=\"text-align: justify;\">El Ministerio requiere una o un gerente con acceso permanente a los distintos gestores culturales del pa\u00eds, sin poses y sin excesivos dispositivos de seguridad y grupos familiares.<\/p>\n<p style=\"text-align: justify;\">El Ministerio de Cultura debe ser el rostro amable, l\u00fadico y creativo del gobierno del presidente Abinader ante cada habitante del pa\u00eds.<\/p>\n<p>&nbsp;<\/p>\n<p>Fuente: Agustin Cort\u00e8s Robles<\/p>\n<p>&nbsp;<\/p>\n","protected":false},"excerpt":{"rendered":"<p>El Ministerio de Cultura es una de las instituciones del Estado Dominicano que menor asignaci\u00f3n<\/p>\n","protected":false},"author":1,"featured_media":38109,"comment_status":"open","ping_status":"open","sticky":false,"template":"","format":"standard","meta":{"footnotes":""},"categories":[245],"tags":[],"class_list":["post-38107","post","type-post","status-publish","format-standard","has-post-thumbnail","hentry","category-cultura"],"_links":{"self":[{"href":"https:\/\/defrentealaverdad.com\/index.php\/wp-json\/wp\/v2\/posts\/38107","targetHints":{"allow":["GET"]}}],"collection":[{"href":"https:\/\/defrentealaverdad.com\/index.php\/wp-json\/wp\/v2\/posts"}],"about":[{"href":"https:\/\/defrentealaverdad.com\/index.php\/wp-json\/wp\/v2\/types\/post"}],"author":[{"embeddable":true,"href":"https:\/\/defrentealaverdad.com\/index.php\/wp-json\/wp\/v2\/users\/1"}],"replies":[{"embeddable":true,"href":"https:\/\/defrentealaverdad.com\/index.php\/wp-json\/wp\/v2\/comments?post=38107"}],"version-history":[{"count":1,"href":"https:\/\/defrentealaverdad.com\/index.php\/wp-json\/wp\/v2\/posts\/38107\/revisions"}],"predecessor-version":[{"id":38108,"href":"https:\/\/defrentealaverdad.com\/index.php\/wp-json\/wp\/v2\/posts\/38107\/revisions\/38108"}],"wp:featuredmedia":[{"embeddable":true,"href":"https:\/\/defrentealaverdad.com\/index.php\/wp-json\/wp\/v2\/media\/38109"}],"wp:attachment":[{"href":"https:\/\/defrentealaverdad.com\/index.php\/wp-json\/wp\/v2\/media?parent=38107"}],"wp:term":[{"taxonomy":"category","embeddable":true,"href":"https:\/\/defrentealaverdad.com\/index.php\/wp-json\/wp\/v2\/categories?post=38107"},{"taxonomy":"post_tag","embeddable":true,"href":"https:\/\/defrentealaverdad.com\/index.php\/wp-json\/wp\/v2\/tags?post=38107"}],"curies":[{"name":"wp","href":"https:\/\/api.w.org\/{rel}","templated":true}]}}