{"id":38098,"date":"2025-01-27T22:36:41","date_gmt":"2025-01-27T22:36:41","guid":{"rendered":"https:\/\/defrentealaverdad.com\/?p=38098"},"modified":"2025-01-27T22:36:41","modified_gmt":"2025-01-27T22:36:41","slug":"itla-lanza-nueva-carrera-de-ciberseguridad-en-el-recinto-santo-domingo-norte","status":"publish","type":"post","link":"https:\/\/defrentealaverdad.com\/index.php\/2025\/01\/27\/itla-lanza-nueva-carrera-de-ciberseguridad-en-el-recinto-santo-domingo-norte\/","title":{"rendered":"ITLA lanza nueva carrera de Ciberseguridad en el recinto Santo Domingo Norte"},"content":{"rendered":"<blockquote>\n<p style=\"text-align: justify;\">La iniciativa responde al compromiso del Instituto Tecnol\u00f3gico de las Am\u00e9ricas (ITLA) en materia de educaci\u00f3n tecnol\u00f3gica dentro de la Comisi\u00f3n T\u00e9cnica Especializada del Centro Nacional de Ciberseguridad, bajo el decreto 685-22 sobre Ciberseguridad de la Rep\u00fablica Dominicana<\/p>\n<\/blockquote>\n<p style=\"text-align: justify;\"><strong>Santo Domingo<\/strong>\u00a0&#8211; Con el objetivo de continuar brindando oportunidades educativas a nivel t\u00e9cnico superior, el Instituto Tecnol\u00f3gico de las Am\u00e9ricas (ITLA) hace un llamado a admisi\u00f3n de las diferentes carreras tecnol\u00f3gicas y, a la vez, realiza el lanzamiento del nuevo tecn\u00f3logo de Ciberseguridad en modalidad semipresencial en el recinto ITLA de Santo Domingo Norte, ubicado en el segundo nivel del edificio Centro de Formaci\u00f3n Mam\u00e1 Ting\u00f3, Villa Mella. El proceso de solicitud de admisi\u00f3n culmina el pr\u00f3ximo viernes 31 de enero de 2025.<img decoding=\"async\" class=\"size-medium wp-image-38099 alignright lazyload\" data-src=\"https:\/\/defrentealaverdad.com\/wp-content\/uploads\/2025\/01\/IMG-20250127-WA0141-300x200.jpg\" alt=\"\" width=\"300\" height=\"200\" data-srcset=\"https:\/\/defrentealaverdad.com\/wp-content\/uploads\/2025\/01\/IMG-20250127-WA0141-300x200.jpg 300w, https:\/\/defrentealaverdad.com\/wp-content\/uploads\/2025\/01\/IMG-20250127-WA0141-1024x682.jpg 1024w, https:\/\/defrentealaverdad.com\/wp-content\/uploads\/2025\/01\/IMG-20250127-WA0141-768x512.jpg 768w, https:\/\/defrentealaverdad.com\/wp-content\/uploads\/2025\/01\/IMG-20250127-WA0141-1536x1023.jpg 1536w, https:\/\/defrentealaverdad.com\/wp-content\/uploads\/2025\/01\/IMG-20250127-WA0141.jpg 1600w\" data-sizes=\"(max-width: 300px) 100vw, 300px\" src=\"data:image\/svg+xml;base64,PHN2ZyB3aWR0aD0iMSIgaGVpZ2h0PSIxIiB4bWxucz0iaHR0cDovL3d3dy53My5vcmcvMjAwMC9zdmciPjwvc3ZnPg==\" style=\"--smush-placeholder-width: 300px; --smush-placeholder-aspect-ratio: 300\/200;\" \/><\/p>\n<p style=\"text-align: justify;\">Tras comunicar el anuncio, el rector del ITLA, Mtro. Rafael F\u00e9liz Garc\u00eda, resalt\u00f3 la importancia de seguir potenciando las diversas profesiones enfocadas en alta tecnolog\u00eda. Puntualiz\u00f3 que la expansi\u00f3n de la carrera de Ciberseguridad es un compromiso del Estado con la poblaci\u00f3n estudiantil, debido a que el Instituto Tecnol\u00f3gico de las Am\u00e9ricas (ITLA) forma parte de la Comisi\u00f3n T\u00e9cnica Especializada del Centro Nacional de Ciberseguridad en materia de educaci\u00f3n tecnol\u00f3gica, bajo el decreto 685-22 de Ciberseguridad de la Rep\u00fablica Dominicana, el cual tiene como objetivo fundamental cumplir con los lineamientos de la Estrategia Nacional de Ciberseguridad 2030.<\/p>\n<p style=\"text-align: justify;\">En relaci\u00f3n a esto, los egresados de la carrera podr\u00e1n insertarse principalmente en el sector productivo secundario o industrial (servicios p\u00fablicos de energ\u00eda, ingenier\u00eda, entre otros); en el sector de servicios o terciario (seguros, banca y salud); y en el \u00e1rea cuaternaria (educaci\u00f3n, tecnolog\u00eda de la informaci\u00f3n, entre otros similares).<\/p>\n<p style=\"text-align: justify;\"><img decoding=\"async\" class=\"size-medium wp-image-38101 alignleft lazyload\" data-src=\"https:\/\/defrentealaverdad.com\/wp-content\/uploads\/2025\/01\/IMG-20250127-WA0056-300x200.jpg\" alt=\"\" width=\"300\" height=\"200\" data-srcset=\"https:\/\/defrentealaverdad.com\/wp-content\/uploads\/2025\/01\/IMG-20250127-WA0056-300x200.jpg 300w, https:\/\/defrentealaverdad.com\/wp-content\/uploads\/2025\/01\/IMG-20250127-WA0056-1024x682.jpg 1024w, https:\/\/defrentealaverdad.com\/wp-content\/uploads\/2025\/01\/IMG-20250127-WA0056-768x512.jpg 768w, https:\/\/defrentealaverdad.com\/wp-content\/uploads\/2025\/01\/IMG-20250127-WA0056-1536x1023.jpg 1536w, https:\/\/defrentealaverdad.com\/wp-content\/uploads\/2025\/01\/IMG-20250127-WA0056.jpg 1600w\" data-sizes=\"(max-width: 300px) 100vw, 300px\" src=\"data:image\/svg+xml;base64,PHN2ZyB3aWR0aD0iMSIgaGVpZ2h0PSIxIiB4bWxucz0iaHR0cDovL3d3dy53My5vcmcvMjAwMC9zdmciPjwvc3ZnPg==\" style=\"--smush-placeholder-width: 300px; --smush-placeholder-aspect-ratio: 300\/200;\" \/>Es importante destacar que las diferentes carreras de la academia educativa t\u00e9cnica superior poseen un nivel de empleabilidad de los titulados del 92 por ciento, dot\u00e1ndoles tambi\u00e9n de la oportunidad de percibir escalas salariales m\u00e1s competitivas.<\/p>\n<p style=\"text-align: justify;\">La convocatoria de admisi\u00f3n de las diferentes carreras est\u00e1 dirigida a j\u00f3venes y adultos con diploma de bachillerato o t\u00e9cnico que deseen adquirir habilidades y conocimientos en ciberseguridad. Los interesados deben completar su solicitud en l\u00ednea a trav\u00e9s del portal oficial del ITLA.<\/p>\n<p style=\"text-align: justify;\"><strong>M\u00e1s acerca del T\u00e9cnico Superior en Ciberseguridad<\/strong><\/p>\n<p style=\"text-align: justify;\">A trav\u00e9s de la novedosa carrera de Ciberseguridad del ITLA, los egresados adquirir\u00e1n la capacidad de planificar, implementar y administrar arquitecturas de Ciberseguridad de acuerdo con las necesidades globales actuales. Adem\u00e1s, realizar\u00e1n constantes pr\u00e1cticas en el moderno Laboratorio de Ciberseguridad del ITLA. Esta carrera tiene una duraci\u00f3n de 2 a\u00f1os. Desde el a\u00f1o 2019 hasta la fecha, ha graduado un total de 573 profesionales, quienes cuentan con la capacidad de ofrecer sus servicios profesionales desde el departamento de Tecnolog\u00eda de la Informaci\u00f3n de entidades tanto gubernamentales como privadas. De igual forma, pueden desempe\u00f1arse como asesores independientes.<\/p>\n<p style=\"text-align: justify;\"><strong>ITLA lidera en Ciberseguridad con laboratorio m\u00e1s equipado<\/strong><\/p>\n<p style=\"text-align: justify;\">Como parte de las acciones que se est\u00e1n desarrollando en el marco del 25 aniversario del Instituto Tecnol\u00f3gico de las Am\u00e9ricas (ITLA), contin\u00faan los proyectos de ampliaci\u00f3n y mejora del laboratorio de Ciberseguridad, el cual adem\u00e1s recibi\u00f3 recientemente una donaci\u00f3n de la empresa Consultant SRL, que consiste en equipos de redes y ciberseguridad valorados en aproximadamente 100 mil d\u00f3lares. Los nuevos dispositivos contribuir\u00e1n a una formaci\u00f3n de calidad alineada con los m\u00e1s altos est\u00e1ndares de la industria tecnol\u00f3gica en las carreras de Redes de la Informaci\u00f3n, Seguridad Inform\u00e1tica e Inform\u00e1tica Forense.<\/p>\n<p style=\"text-align: justify;\">La colaboraci\u00f3n consta de equipos de \u00faltima generaci\u00f3n, como lo son routers, switches, servidores y firewalls.<\/p>\n<p style=\"text-align: justify;\">Virginia Rymer, coordinadora docente del Centro de Excelencia de Redes y Seguridad Inform\u00e1tica del ITLA, asegur\u00f3 que con los nuevos equipos los estudiantes adquirir\u00e1n habilidades de c\u00f3mo manejar sistemas operativos (Linux, Windows, tanto a nivel empresarial como personal), configuraci\u00f3n y administraci\u00f3n de redes y defensa del ciberespacio.<\/p>\n<p>Fuente: Dir. Com. ITLA<\/p>\n","protected":false},"excerpt":{"rendered":"<p>La iniciativa responde al compromiso del Instituto Tecnol\u00f3gico de las Am\u00e9ricas (ITLA) en materia de<\/p>\n","protected":false},"author":2,"featured_media":38100,"comment_status":"open","ping_status":"open","sticky":false,"template":"","format":"standard","meta":{"footnotes":""},"categories":[7],"tags":[],"class_list":["post-38098","post","type-post","status-publish","format-standard","has-post-thumbnail","hentry","category-nacionales"],"_links":{"self":[{"href":"https:\/\/defrentealaverdad.com\/index.php\/wp-json\/wp\/v2\/posts\/38098","targetHints":{"allow":["GET"]}}],"collection":[{"href":"https:\/\/defrentealaverdad.com\/index.php\/wp-json\/wp\/v2\/posts"}],"about":[{"href":"https:\/\/defrentealaverdad.com\/index.php\/wp-json\/wp\/v2\/types\/post"}],"author":[{"embeddable":true,"href":"https:\/\/defrentealaverdad.com\/index.php\/wp-json\/wp\/v2\/users\/2"}],"replies":[{"embeddable":true,"href":"https:\/\/defrentealaverdad.com\/index.php\/wp-json\/wp\/v2\/comments?post=38098"}],"version-history":[{"count":1,"href":"https:\/\/defrentealaverdad.com\/index.php\/wp-json\/wp\/v2\/posts\/38098\/revisions"}],"predecessor-version":[{"id":38102,"href":"https:\/\/defrentealaverdad.com\/index.php\/wp-json\/wp\/v2\/posts\/38098\/revisions\/38102"}],"wp:featuredmedia":[{"embeddable":true,"href":"https:\/\/defrentealaverdad.com\/index.php\/wp-json\/wp\/v2\/media\/38100"}],"wp:attachment":[{"href":"https:\/\/defrentealaverdad.com\/index.php\/wp-json\/wp\/v2\/media?parent=38098"}],"wp:term":[{"taxonomy":"category","embeddable":true,"href":"https:\/\/defrentealaverdad.com\/index.php\/wp-json\/wp\/v2\/categories?post=38098"},{"taxonomy":"post_tag","embeddable":true,"href":"https:\/\/defrentealaverdad.com\/index.php\/wp-json\/wp\/v2\/tags?post=38098"}],"curies":[{"name":"wp","href":"https:\/\/api.w.org\/{rel}","templated":true}]}}