{"id":38090,"date":"2025-01-27T22:26:37","date_gmt":"2025-01-27T22:26:37","guid":{"rendered":"https:\/\/defrentealaverdad.com\/?p=38090"},"modified":"2025-01-27T22:26:37","modified_gmt":"2025-01-27T22:26:37","slug":"digesett-retiene-38-vehiculos-por-uso-de-placas-extranjeras-vencidas-y-vehiculos-con-placas-oficiales-no-correspondiente-en-2024","status":"publish","type":"post","link":"https:\/\/defrentealaverdad.com\/index.php\/2025\/01\/27\/digesett-retiene-38-vehiculos-por-uso-de-placas-extranjeras-vencidas-y-vehiculos-con-placas-oficiales-no-correspondiente-en-2024\/","title":{"rendered":"DIGESETT retiene 38 veh\u00edculos por uso de placas extranjeras vencidas y veh\u00edculos con placas oficiales no correspondiente en 2024"},"content":{"rendered":"<p style=\"text-align: justify;\">La Direcci\u00f3n General de Seguridad de Tr\u00e1nsito y Transporte Terrestre (DIGESETT) informa que, durante el a\u00f1o 2024, se llevaron a cabo varios operativos en los que se retuvieron un total de 38 veh\u00edculos que transitaban por la v\u00eda p\u00fablica con placas extranjeras con permisos de circulaci\u00f3n vencidos y veh\u00edculos con placas oficiales que no le corresponden.<\/p>\n<p style=\"text-align: justify;\">En cumplimiento con la Ley 63-17, espec\u00edficamente en su art\u00edculo 189, que establece los actos prohibidos con relaci\u00f3n a la circulaci\u00f3n de veh\u00edculos y sus debidos permisos. Este art\u00edculo destaca la importancia de mantener la documentaci\u00f3n de los veh\u00edculos en regla, as\u00ed como el uso de placas v\u00e1lidas y actuales.<\/p>\n<p style=\"text-align: justify;\">El director de la DIGESETT, general Francisco Osoria De La Cruz, P.N., hace un llamado a los propietarios de veh\u00edculos, tanto nacionales como extranjeros, a mantener su documentaci\u00f3n actualizada y a respetar las regulaciones vigentes. Con estas acciones la entidad busca prevenir accidentes y garantizar la correcta identificaci\u00f3n de los veh\u00edculos en circulaci\u00f3n, lo cual es fundamental para la seguridad de todos los usuarios de las v\u00edas.<\/p>\n<blockquote>\n<p style=\"text-align: justify;\">\u201cContinuaremos realizando operativos de control y supervisi\u00f3n para garantizar el cumplimiento de las normativas de tr\u00e1nsito y la seguridad en las v\u00edas del pa\u00eds. Se recuerda a la ciudadan\u00eda que la colaboraci\u00f3n de todos es esencial para construir una cultura de respeto y responsabilidad en el uso de las v\u00edas p\u00fablicas\u201d, agreg\u00f3 el general Osoria.<\/p>\n<\/blockquote>\n<p>&nbsp;<\/p>\n<p>Fuente: Depto. Com. DIGESETT<\/p>\n","protected":false},"excerpt":{"rendered":"<p>La Direcci\u00f3n General de Seguridad de Tr\u00e1nsito y Transporte Terrestre (DIGESETT) informa que, durante el<\/p>\n","protected":false},"author":1,"featured_media":38092,"comment_status":"open","ping_status":"open","sticky":false,"template":"","format":"standard","meta":{"footnotes":""},"categories":[7],"tags":[],"class_list":["post-38090","post","type-post","status-publish","format-standard","has-post-thumbnail","hentry","category-nacionales"],"_links":{"self":[{"href":"https:\/\/defrentealaverdad.com\/index.php\/wp-json\/wp\/v2\/posts\/38090","targetHints":{"allow":["GET"]}}],"collection":[{"href":"https:\/\/defrentealaverdad.com\/index.php\/wp-json\/wp\/v2\/posts"}],"about":[{"href":"https:\/\/defrentealaverdad.com\/index.php\/wp-json\/wp\/v2\/types\/post"}],"author":[{"embeddable":true,"href":"https:\/\/defrentealaverdad.com\/index.php\/wp-json\/wp\/v2\/users\/1"}],"replies":[{"embeddable":true,"href":"https:\/\/defrentealaverdad.com\/index.php\/wp-json\/wp\/v2\/comments?post=38090"}],"version-history":[{"count":1,"href":"https:\/\/defrentealaverdad.com\/index.php\/wp-json\/wp\/v2\/posts\/38090\/revisions"}],"predecessor-version":[{"id":38093,"href":"https:\/\/defrentealaverdad.com\/index.php\/wp-json\/wp\/v2\/posts\/38090\/revisions\/38093"}],"wp:featuredmedia":[{"embeddable":true,"href":"https:\/\/defrentealaverdad.com\/index.php\/wp-json\/wp\/v2\/media\/38092"}],"wp:attachment":[{"href":"https:\/\/defrentealaverdad.com\/index.php\/wp-json\/wp\/v2\/media?parent=38090"}],"wp:term":[{"taxonomy":"category","embeddable":true,"href":"https:\/\/defrentealaverdad.com\/index.php\/wp-json\/wp\/v2\/categories?post=38090"},{"taxonomy":"post_tag","embeddable":true,"href":"https:\/\/defrentealaverdad.com\/index.php\/wp-json\/wp\/v2\/tags?post=38090"}],"curies":[{"name":"wp","href":"https:\/\/api.w.org\/{rel}","templated":true}]}}