{"id":38087,"date":"2025-01-27T22:06:34","date_gmt":"2025-01-27T22:06:34","guid":{"rendered":"https:\/\/defrentealaverdad.com\/?p=38087"},"modified":"2025-01-27T22:06:34","modified_gmt":"2025-01-27T22:06:34","slug":"rubinsky-y-josh-gamez-estrenan-su-nuevo-sencillo-nada-sin-ti","status":"publish","type":"post","link":"https:\/\/defrentealaverdad.com\/index.php\/2025\/01\/27\/rubinsky-y-josh-gamez-estrenan-su-nuevo-sencillo-nada-sin-ti\/","title":{"rendered":"Rubinsky y Josh Gamez estrenan su nuevo sencillo \u00abNada Sin Ti\u00bb\u00a0"},"content":{"rendered":"<p style=\"text-align: justify;\"><strong>Enero de 2025.<\/strong> Los talentosos artistas Rubinsky y Josh Gamez han lanzado oficialmente su esperado sencillo \u00abNada Sin Ti\u00bb, ya disponible en todas las plataformas digitales. Este nuevo lanzamiento no es solo m\u00fasica; es una oraci\u00f3n, un grito de gratitud, una confesi\u00f3n de amor y dependencia hacia un poder superior.<\/p>\n<p style=\"text-align: justify;\">\u00abNada Sin Ti\u00bb es una poderosa balada urbana que fusiona las l\u00edricas reflexivas de Rubinsky con la energ\u00eda y emotividad de Josh Gamez. Invocando emociones profundas de anhelo, gratitud y esperanza, esta composici\u00f3n nos transporta a un viaje espiritual donde la vulnerabilidad se encuentra con la fuerza, y la desesperaci\u00f3n con la redenci\u00f3n.<\/p>\n<p style=\"text-align: justify;\">El tema fue producido por Wolandia, reconocido productor chileno que aport\u00f3 su estilo \u00fanico y experiencia para crear una pieza musical memorable. Adem\u00e1s, el video oficial fue realizado por Uralis Pe\u00f1a, quien logr\u00f3 capturar la esencia emocional de la canci\u00f3n.<\/p>\n<p style=\"text-align: justify;\">No te pierdas la oportunidad de disfrutar de \u00abNada Sin Ti\u00bb y sumergirte en una experiencia musical inolvidable.<\/p>\n<p><strong>Sobre los Artistas<\/strong><\/p>\n<p><strong>\u25aa\ufe0e Rubinsky RBK<\/strong>: Manuel Enrique N\u00fa\u00f1ez Espino, es Rubinsky RBK, originario de Santo Domingo, Rep\u00fablica Dominicana, quien desde joven, encontr\u00f3 en la fe la inspiraci\u00f3n central para su m\u00fasica y en m\u00e1s de una d\u00e9cada de trayectoria, ha construido un ministerio dedicado a salvar almas con ritmo y expresi\u00f3n propia.<\/p>\n<p style=\"text-align: justify;\">\u25aa\ufe0e <strong>Josh Gamez:<\/strong> originario de Guatemala, inici\u00f3 su carrera musical en 2020 con una colaboraci\u00f3n en el tema \u00abTu Paz\u00bb junto a reconocidos artistas cristianos. Su primer sencillo, \u00abComo T\u00fa a M\u00ed\u00bb, lanzado en mayo de 2020, marc\u00f3 el inicio de su trayectoria como solista. En diciembre del mismo a\u00f1o, su colaboraci\u00f3n con Musiko en \u00abDe Buenas\u00bb lo catapult\u00f3 internacionalmente, logrando m\u00e1s de 25 millones de vistas en YouTube.<\/p>\n<p>Fuente: Equipo Rubinsky<\/p>\n","protected":false},"excerpt":{"rendered":"<p>Enero de 2025. Los talentosos artistas Rubinsky y Josh Gamez han lanzado oficialmente su esperado<\/p>\n","protected":false},"author":4,"featured_media":38088,"comment_status":"open","ping_status":"open","sticky":false,"template":"","format":"standard","meta":{"footnotes":""},"categories":[249],"tags":[],"class_list":["post-38087","post","type-post","status-publish","format-standard","has-post-thumbnail","hentry","category-farandula"],"_links":{"self":[{"href":"https:\/\/defrentealaverdad.com\/index.php\/wp-json\/wp\/v2\/posts\/38087","targetHints":{"allow":["GET"]}}],"collection":[{"href":"https:\/\/defrentealaverdad.com\/index.php\/wp-json\/wp\/v2\/posts"}],"about":[{"href":"https:\/\/defrentealaverdad.com\/index.php\/wp-json\/wp\/v2\/types\/post"}],"author":[{"embeddable":true,"href":"https:\/\/defrentealaverdad.com\/index.php\/wp-json\/wp\/v2\/users\/4"}],"replies":[{"embeddable":true,"href":"https:\/\/defrentealaverdad.com\/index.php\/wp-json\/wp\/v2\/comments?post=38087"}],"version-history":[{"count":1,"href":"https:\/\/defrentealaverdad.com\/index.php\/wp-json\/wp\/v2\/posts\/38087\/revisions"}],"predecessor-version":[{"id":38089,"href":"https:\/\/defrentealaverdad.com\/index.php\/wp-json\/wp\/v2\/posts\/38087\/revisions\/38089"}],"wp:featuredmedia":[{"embeddable":true,"href":"https:\/\/defrentealaverdad.com\/index.php\/wp-json\/wp\/v2\/media\/38088"}],"wp:attachment":[{"href":"https:\/\/defrentealaverdad.com\/index.php\/wp-json\/wp\/v2\/media?parent=38087"}],"wp:term":[{"taxonomy":"category","embeddable":true,"href":"https:\/\/defrentealaverdad.com\/index.php\/wp-json\/wp\/v2\/categories?post=38087"},{"taxonomy":"post_tag","embeddable":true,"href":"https:\/\/defrentealaverdad.com\/index.php\/wp-json\/wp\/v2\/tags?post=38087"}],"curies":[{"name":"wp","href":"https:\/\/api.w.org\/{rel}","templated":true}]}}