{"id":38084,"date":"2025-01-27T22:01:21","date_gmt":"2025-01-27T22:01:21","guid":{"rendered":"https:\/\/defrentealaverdad.com\/?p=38084"},"modified":"2025-01-27T22:01:42","modified_gmt":"2025-01-27T22:01:42","slug":"cesar-bollero-la-crisis-del-liderazgo-y-el-camino-hacia-la-transformacion-social","status":"publish","type":"post","link":"https:\/\/defrentealaverdad.com\/index.php\/2025\/01\/27\/cesar-bollero-la-crisis-del-liderazgo-y-el-camino-hacia-la-transformacion-social\/","title":{"rendered":"C\u00e9sar Bollero: La Crisis del Liderazgo y el Camino hacia la Transformaci\u00f3n Social"},"content":{"rendered":"<p style=\"text-align: justify;\"><strong>Santo Domingo, RD<\/strong> \u2013 C\u00e9sar Bollero, reconocido mentor y formador de l\u00edderes, ofreci\u00f3 un an\u00e1lisis contundente sobre el vac\u00edo de liderazgo aut\u00e9ntico en nuestra sociedad durante su intervenci\u00f3n en el programa Pol\u00edticamente Directo, conducido por la periodista Nidia Paulino. En esta ocasi\u00f3n, Bollero destac\u00f3 la urgente necesidad de redefinir el papel de quienes aspiran a dirigir, cuestionando la falta de prop\u00f3sito y visi\u00f3n que caracteriza a muchos l\u00edderes actuales.<\/p>\n<blockquote>\n<p style=\"text-align: justify;\">\u201cCuando preguntas a muchas personas, incluyendo l\u00edderes y pol\u00edticos, \u2018\u00bfQui\u00e9n eres?\u2019 o \u2018\u00bfCu\u00e1l es el legado que deseas dejar?\u2019, la mayor\u00eda no tiene una respuesta. Esto evidencia un problema fundamental: no saben hacia d\u00f3nde van, no tienen claridad en su visi\u00f3n de vida, y mucho menos en su rol como l\u00edderes\u201d, afirm\u00f3 Bollero durante el programa transmitido a nivel nacional.<\/p>\n<\/blockquote>\n<p style=\"text-align: justify;\">El mentor se\u00f1al\u00f3 que esta carencia de autodefinici\u00f3n y prop\u00f3sito ha dado lugar a un falso liderazgo, caracterizado por promesas vac\u00edas, desconexi\u00f3n con las necesidades reales de la sociedad y un uso indebido del poder que perpet\u00faa la desigualdad.<\/p>\n<blockquote>\n<p style=\"text-align: justify;\">\u201cEstamos en un mundo de m\u00e1scaras, donde se vende una imagen de preparaci\u00f3n y soluciones que, en la pr\u00e1ctica, no existen. Nos enfrentamos a dirigentes que desconocen la realidad del pa\u00eds, que no comprenden c\u00f3mo funciona el sistema que pretenden dirigir, y que, lejos de construir, est\u00e1n vendiendo humo\u201d, expres\u00f3.<\/p>\n<\/blockquote>\n<p style=\"text-align: justify;\">Bollero tambi\u00e9n lament\u00f3 la p\u00e9rdida de ideolog\u00eda en los partidos pol\u00edticos, una realidad que, seg\u00fan \u00e9l, ha desdibujado los objetivos originales de estas organizaciones y ha erosionado su capacidad para conectar con las verdaderas necesidades del pueblo.<\/p>\n<blockquote>\n<p style=\"text-align: justify;\">\u201cHoy m\u00e1s que nunca, necesitamos l\u00edderes que no solo tengan habilidades t\u00e9cnicas y blandas, sino que est\u00e9n alineados con la realidad de su entorno y comprometidos con un cambio aut\u00e9ntico y sostenible\u201d, subray\u00f3 en conversaci\u00f3n con Nidia Paulino.<\/p>\n<\/blockquote>\n<p><strong>Una propuesta para el cambio<\/strong><\/p>\n<p style=\"text-align: justify;\">Como parte de su visi\u00f3n, C\u00e9sar Bollero aboga por un enfoque integral en la formaci\u00f3n de l\u00edderes, centrado en valores \u00e9ticos, autodefinici\u00f3n y conexi\u00f3n con el prop\u00f3sito. Seg\u00fan \u00e9l, el primer paso hacia la transformaci\u00f3n es la introspecci\u00f3n: <em>\u201cNo puedes liderar a otros si no tienes claro qui\u00e9n eres y hacia d\u00f3nde vas\u201d.<\/em><\/p>\n<p style=\"text-align: justify;\">Con su experiencia como formador y coach, Bollero trabaja en construir l\u00edderes que rompan con el ciclo de liderazgo vac\u00edo y se conviertan en agentes de cambio que inspiren y transformen la sociedad desde sus ra\u00edces.<\/p>\n<p style=\"text-align: justify;\"><strong>Sobre C\u00e9sar Bollero<\/strong><\/p>\n<p style=\"text-align: justify;\">C\u00e9sar Bollero es un destacado mentor y hacedor de l\u00edderes, reconocido por su enfoque disruptivo y su capacidad para inspirar transformaciones profundas en individuos y organizaciones. Su metodolog\u00eda combina desarrollo personal, conexi\u00f3n con el prop\u00f3sito e implementaci\u00f3n de estrategias efectivas para el impacto social.<\/p>\n<p><strong>Sobre Pol\u00edticamente Directo<\/strong><\/p>\n<p style=\"text-align: justify;\">Pol\u00edticamente Directo es un programa de an\u00e1lisis pol\u00edtico y social conducido por la periodista Nidia Paulino, reconocido por abordar temas de actualidad con profundidad y compromiso con la verdad.<\/p>\n<p style=\"text-align: justify;\">Para Mentorias puede contactar al Tel\u00e9fono: 849-243-4093 o por medio de Redes Sociales como @cesarbollero. Tambien al correo electr\u00f3nico: cesarbollero@gmail.com. Para entrevistas y relaciones p\u00fablicas a la Licda. Ingrid Abreu en el Tel\u00e9fono: 809-433-9604 o al correo ingridabreulopez@gmail.com<\/p>\n<p>Fuente: Coraz\u00f3n Digital<\/p>\n","protected":false},"excerpt":{"rendered":"<p>Santo Domingo, RD \u2013 C\u00e9sar Bollero, reconocido mentor y formador de l\u00edderes, ofreci\u00f3 un an\u00e1lisis<\/p>\n","protected":false},"author":1,"featured_media":38085,"comment_status":"open","ping_status":"open","sticky":false,"template":"","format":"standard","meta":{"footnotes":""},"categories":[7],"tags":[],"class_list":["post-38084","post","type-post","status-publish","format-standard","has-post-thumbnail","hentry","category-nacionales"],"_links":{"self":[{"href":"https:\/\/defrentealaverdad.com\/index.php\/wp-json\/wp\/v2\/posts\/38084","targetHints":{"allow":["GET"]}}],"collection":[{"href":"https:\/\/defrentealaverdad.com\/index.php\/wp-json\/wp\/v2\/posts"}],"about":[{"href":"https:\/\/defrentealaverdad.com\/index.php\/wp-json\/wp\/v2\/types\/post"}],"author":[{"embeddable":true,"href":"https:\/\/defrentealaverdad.com\/index.php\/wp-json\/wp\/v2\/users\/1"}],"replies":[{"embeddable":true,"href":"https:\/\/defrentealaverdad.com\/index.php\/wp-json\/wp\/v2\/comments?post=38084"}],"version-history":[{"count":1,"href":"https:\/\/defrentealaverdad.com\/index.php\/wp-json\/wp\/v2\/posts\/38084\/revisions"}],"predecessor-version":[{"id":38086,"href":"https:\/\/defrentealaverdad.com\/index.php\/wp-json\/wp\/v2\/posts\/38084\/revisions\/38086"}],"wp:featuredmedia":[{"embeddable":true,"href":"https:\/\/defrentealaverdad.com\/index.php\/wp-json\/wp\/v2\/media\/38085"}],"wp:attachment":[{"href":"https:\/\/defrentealaverdad.com\/index.php\/wp-json\/wp\/v2\/media?parent=38084"}],"wp:term":[{"taxonomy":"category","embeddable":true,"href":"https:\/\/defrentealaverdad.com\/index.php\/wp-json\/wp\/v2\/categories?post=38084"},{"taxonomy":"post_tag","embeddable":true,"href":"https:\/\/defrentealaverdad.com\/index.php\/wp-json\/wp\/v2\/tags?post=38084"}],"curies":[{"name":"wp","href":"https:\/\/api.w.org\/{rel}","templated":true}]}}