{"id":38078,"date":"2025-01-27T21:50:11","date_gmt":"2025-01-27T21:50:11","guid":{"rendered":"https:\/\/defrentealaverdad.com\/?p=38078"},"modified":"2025-01-27T21:50:11","modified_gmt":"2025-01-27T21:50:11","slug":"gerald-cruz-lora-talento-dominicano-que-brilla-en-eventos-comerciales-de-tv-y-cine-internacional","status":"publish","type":"post","link":"https:\/\/defrentealaverdad.com\/index.php\/2025\/01\/27\/gerald-cruz-lora-talento-dominicano-que-brilla-en-eventos-comerciales-de-tv-y-cine-internacional\/","title":{"rendered":"Gerald Cruz Lora, talento dominicano que brilla en eventos, comerciales de TV y cine internacional"},"content":{"rendered":"<blockquote>\n<p style=\"text-align: justify;\">Con producciones en camino a ser distribuidas por Netflix, Gerald Cruz Lora se alista para llevar la bandera dominicana a lo m\u00e1s alto.<\/p>\n<\/blockquote>\n<p style=\"text-align: justify;\"><strong>SANTO DOMINGO.<\/strong> \u2013 Gerald Cruz Lora, un orgullo dominicano, con 14 a\u00f1os de experiencia audiovisual, consolidado como uno de los nombres m\u00e1s prometedores del cine, realizador de eventos y comercial de TV de grandes marcas y empresas, incluyendo reconocimientos y nominaciones a importantes de alcance global.<img decoding=\"async\" class=\"size-medium wp-image-38081 alignleft lazyload\" data-src=\"https:\/\/defrentealaverdad.com\/wp-content\/uploads\/2025\/01\/IMG-20250127-WA0049-300x225.jpg\" alt=\"\" width=\"300\" height=\"225\" data-srcset=\"https:\/\/defrentealaverdad.com\/wp-content\/uploads\/2025\/01\/IMG-20250127-WA0049-300x225.jpg 300w, https:\/\/defrentealaverdad.com\/wp-content\/uploads\/2025\/01\/IMG-20250127-WA0049-1024x768.jpg 1024w, https:\/\/defrentealaverdad.com\/wp-content\/uploads\/2025\/01\/IMG-20250127-WA0049-768x576.jpg 768w, https:\/\/defrentealaverdad.com\/wp-content\/uploads\/2025\/01\/IMG-20250127-WA0049-1536x1152.jpg 1536w, https:\/\/defrentealaverdad.com\/wp-content\/uploads\/2025\/01\/IMG-20250127-WA0049-720x540.jpg 720w, https:\/\/defrentealaverdad.com\/wp-content\/uploads\/2025\/01\/IMG-20250127-WA0049.jpg 1600w\" data-sizes=\"(max-width: 300px) 100vw, 300px\" src=\"data:image\/svg+xml;base64,PHN2ZyB3aWR0aD0iMSIgaGVpZ2h0PSIxIiB4bWxucz0iaHR0cDovL3d3dy53My5vcmcvMjAwMC9zdmciPjwvc3ZnPg==\" style=\"--smush-placeholder-width: 300px; --smush-placeholder-aspect-ratio: 300\/225;\" \/><\/p>\n<p style=\"text-align: justify;\">Su destacado trabajo incluye la producci\u00f3n y filmaci\u00f3n por dos a\u00f1os del famoso evento internacional Monitor Latino realizado en Dominicana 20021 y 2022 transmitido para Estados Unidos con talentos famosos de Univisi\u00f3n, actores y Artistas enlazados en vivo con Estados Unidos, Colombia y otros pa\u00edses. Tambi\u00e9n, filmaci\u00f3n de pel\u00edculas y documentales presentados en salas de cine nacionales, producciones nominadas a prestigiosos premios internacionales y proyectos con presupuestos millonarios.<\/p>\n<p style=\"text-align: justify;\">Gerald Cruz Lora, aumenta la econom\u00eda y transforma la industria audiovisual en producciones de valor.<\/p>\n<blockquote>\n<p style=\"text-align: justify;\">\u201cMi visi\u00f3n no solo crea m\u00e1s empleos, tambi\u00e9n aporta valor a la sociedad e impulsa la econom\u00eda en la Rep\u00fablica Dominicana y Estados Unidos\u201d, afirma Cruz Lora.<\/p>\n<\/blockquote>\n<p style=\"text-align: justify;\">Su empresa, Gravital Cinema, junto a aliados locales e internacionales, le ha permitido liderar actualmente el desarrollo en preproducci\u00f3n de dos pel\u00edculas y una serie que ser\u00e1n distribuidas para plataformas de audiencia reconocida global como Netflix y salas de cine en Estados Unidos, marcando un nuevo hito en su trayectoria.<img decoding=\"async\" class=\"size-medium wp-image-38080 alignright lazyload\" data-src=\"https:\/\/defrentealaverdad.com\/wp-content\/uploads\/2025\/01\/IMG-20250127-WA0050-200x300.jpg\" alt=\"\" width=\"200\" height=\"300\" data-srcset=\"https:\/\/defrentealaverdad.com\/wp-content\/uploads\/2025\/01\/IMG-20250127-WA0050-200x300.jpg 200w, https:\/\/defrentealaverdad.com\/wp-content\/uploads\/2025\/01\/IMG-20250127-WA0050-682x1024.jpg 682w, https:\/\/defrentealaverdad.com\/wp-content\/uploads\/2025\/01\/IMG-20250127-WA0050-768x1153.jpg 768w, https:\/\/defrentealaverdad.com\/wp-content\/uploads\/2025\/01\/IMG-20250127-WA0050-1023x1536.jpg 1023w, https:\/\/defrentealaverdad.com\/wp-content\/uploads\/2025\/01\/IMG-20250127-WA0050.jpg 1066w\" data-sizes=\"(max-width: 200px) 100vw, 200px\" src=\"data:image\/svg+xml;base64,PHN2ZyB3aWR0aD0iMSIgaGVpZ2h0PSIxIiB4bWxucz0iaHR0cDovL3d3dy53My5vcmcvMjAwMC9zdmciPjwvc3ZnPg==\" style=\"--smush-placeholder-width: 200px; --smush-placeholder-aspect-ratio: 200\/300;\" \/><\/p>\n<p style=\"text-align: justify;\">Su experiencia audiovisual destacan tres documentales y una pel\u00edcula que han recibido nominaciones a prestigiosos premios; Presidentes dominicanos en la historia, preseleccionado en la categor\u00eda Mejor pel\u00edcula documental del premio Platino 2022, as\u00ed tambi\u00e9n la nominaci\u00f3n al mejor documental 2024 La industria en RD por Premios La Silla y proyecci\u00f3n de diferentes festivales nacionales e internacionales.<\/p>\n<p style=\"text-align: justify;\"><strong>Un profesional de alto calibre<\/strong><\/p>\n<p style=\"text-align: justify;\"><img decoding=\"async\" class=\"size-medium wp-image-38079 alignleft lazyload\" data-src=\"https:\/\/defrentealaverdad.com\/wp-content\/uploads\/2025\/01\/IMG-20250127-WA0051-169x300.jpg\" alt=\"\" width=\"169\" height=\"300\" data-srcset=\"https:\/\/defrentealaverdad.com\/wp-content\/uploads\/2025\/01\/IMG-20250127-WA0051-169x300.jpg 169w, https:\/\/defrentealaverdad.com\/wp-content\/uploads\/2025\/01\/IMG-20250127-WA0051-576x1024.jpg 576w, https:\/\/defrentealaverdad.com\/wp-content\/uploads\/2025\/01\/IMG-20250127-WA0051-768x1365.jpg 768w, https:\/\/defrentealaverdad.com\/wp-content\/uploads\/2025\/01\/IMG-20250127-WA0051-864x1536.jpg 864w, https:\/\/defrentealaverdad.com\/wp-content\/uploads\/2025\/01\/IMG-20250127-WA0051.jpg 900w\" data-sizes=\"(max-width: 169px) 100vw, 169px\" src=\"data:image\/svg+xml;base64,PHN2ZyB3aWR0aD0iMSIgaGVpZ2h0PSIxIiB4bWxucz0iaHR0cDovL3d3dy53My5vcmcvMjAwMC9zdmciPjwvc3ZnPg==\" style=\"--smush-placeholder-width: 169px; --smush-placeholder-aspect-ratio: 169\/300;\" \/>Recientemente reconocido con el m\u00e1s alto honor c\u00f3mo el egresado m\u00e1s sobresaliente por la Escuela Aprendo Cine RD, Gerald se consolida como un ejemplo de dedicaci\u00f3n, innovaci\u00f3n y visi\u00f3n estrat\u00e9gica llevando valor al mundo del cine y la televisi\u00f3n.<\/p>\n<p style=\"text-align: justify;\">Gerald es fundador y CEO de Gravital Cinema y GC Production, empresas que lideran importantes eventos, transmisiones en vivo y campa\u00f1as audiovisuales para empresas e instituciones p\u00fablicas. Con una s\u00f3lida formaci\u00f3n acad\u00e9mica Licenciado en Comunicaci\u00f3n social y certificaciones en direcci\u00f3n, producci\u00f3n cinematogr\u00e1fica, edici\u00f3n y dise\u00f1o creativo, tambi\u00e9n es miembro de ADOCINE (Asociaci\u00f3n Dominicana de Profesionales del Cine), donde contribuye activamente al desarrollo del sector.<\/p>\n<p style=\"text-align: justify;\">A lo largo de m\u00e1s de 14 a\u00f1os, Gerald ha trabajado en medios destacados como Teleantillas Canal 2, CDN Sport Max Canal 28, y Se\u00f1ales TV Canal 40, desempe\u00f1\u00e1ndose como Presentador, productor y director de eventos y campa\u00f1as publicitarias de gran alcance.<\/p>\n<p style=\"text-align: justify;\">Gerald Cruz Lora es un profesional cuya trayectoria, compromiso y pasi\u00f3n por la industria audiovisual contin\u00faan dejando una huella, elevando el talento dominicano a nuevos horizontes.<\/p>\n<p>Fuente: Mar\u00eda Jim\u00e9nez Noticias<\/p>\n","protected":false},"excerpt":{"rendered":"<p>Con producciones en camino a ser distribuidas por Netflix, Gerald Cruz Lora se alista para<\/p>\n","protected":false},"author":1,"featured_media":38082,"comment_status":"open","ping_status":"open","sticky":false,"template":"","format":"standard","meta":{"footnotes":""},"categories":[249],"tags":[],"class_list":["post-38078","post","type-post","status-publish","format-standard","has-post-thumbnail","hentry","category-farandula"],"_links":{"self":[{"href":"https:\/\/defrentealaverdad.com\/index.php\/wp-json\/wp\/v2\/posts\/38078","targetHints":{"allow":["GET"]}}],"collection":[{"href":"https:\/\/defrentealaverdad.com\/index.php\/wp-json\/wp\/v2\/posts"}],"about":[{"href":"https:\/\/defrentealaverdad.com\/index.php\/wp-json\/wp\/v2\/types\/post"}],"author":[{"embeddable":true,"href":"https:\/\/defrentealaverdad.com\/index.php\/wp-json\/wp\/v2\/users\/1"}],"replies":[{"embeddable":true,"href":"https:\/\/defrentealaverdad.com\/index.php\/wp-json\/wp\/v2\/comments?post=38078"}],"version-history":[{"count":1,"href":"https:\/\/defrentealaverdad.com\/index.php\/wp-json\/wp\/v2\/posts\/38078\/revisions"}],"predecessor-version":[{"id":38083,"href":"https:\/\/defrentealaverdad.com\/index.php\/wp-json\/wp\/v2\/posts\/38078\/revisions\/38083"}],"wp:featuredmedia":[{"embeddable":true,"href":"https:\/\/defrentealaverdad.com\/index.php\/wp-json\/wp\/v2\/media\/38082"}],"wp:attachment":[{"href":"https:\/\/defrentealaverdad.com\/index.php\/wp-json\/wp\/v2\/media?parent=38078"}],"wp:term":[{"taxonomy":"category","embeddable":true,"href":"https:\/\/defrentealaverdad.com\/index.php\/wp-json\/wp\/v2\/categories?post=38078"},{"taxonomy":"post_tag","embeddable":true,"href":"https:\/\/defrentealaverdad.com\/index.php\/wp-json\/wp\/v2\/tags?post=38078"}],"curies":[{"name":"wp","href":"https:\/\/api.w.org\/{rel}","templated":true}]}}