{"id":38073,"date":"2025-01-27T21:46:48","date_gmt":"2025-01-27T21:46:48","guid":{"rendered":"https:\/\/defrentealaverdad.com\/?p=38073"},"modified":"2025-01-27T21:46:48","modified_gmt":"2025-01-27T21:46:48","slug":"ministerio-de-defensa-realiza-entrega-de-uniformes-militares-a-la-junta-de-retiro","status":"publish","type":"post","link":"https:\/\/defrentealaverdad.com\/index.php\/2025\/01\/27\/ministerio-de-defensa-realiza-entrega-de-uniformes-militares-a-la-junta-de-retiro\/","title":{"rendered":"Ministerio de Defensa realiza entrega de uniformes militares a la Junta de Retiro"},"content":{"rendered":"<div class=\"body-fauxcolumns\">\n<div class=\"fauxcolumn-outer body-fauxcolumn-outer\">\n<div class=\"cap-top\">\n<div class=\"cap-left\" style=\"text-align: justify;\">Por Felix Rubio<\/div>\n<div><\/div>\n<div class=\"cap-left\" style=\"text-align: justify;\">En un significativo acto de respaldo y colaboraci\u00f3n, el Ministerio de Defensa (MIDE) entreg\u00f3 al personal militar de la Junta de Retiro y Fondo de Pensiones de las Fuerzas Armadas (JRFPFFAA) indumentarias del Ej\u00e9rcito, la Armada y la Fuerza A\u00e9rea, tales como camisas, pantalones, corbatas, franelas, ropa interior, correas, calcetines y zapatos, as\u00ed como otras prendas militares.<\/div>\n<\/div>\n<\/div>\n<\/div>\n<div class=\"content\">\n<div class=\"content-outer\">\n<div class=\"fauxborder-left content-fauxborder-left\">\n<div class=\"content-inner\">\n<div class=\"main-outer\">\n<div class=\"fauxborder-left main-fauxborder-left\">\n<div class=\"region-inner main-inner\">\n<div class=\"columns fauxcolumns\">\n<div class=\"columns-inner\">\n<div class=\"column-center-outer\">\n<div class=\"column-center-inner\">\n<div id=\"main\" class=\"main section\">\n<div id=\"Blog1\" class=\"widget Blog\" data-version=\"1\">\n<div class=\"blog-posts hfeed\">\n<div class=\"date-outer\">\n<div class=\"date-posts\">\n<div class=\"post-outer\">\n<div class=\"post hentry uncustomized-post-template\">\n<div id=\"post-body-6682678737597748968\" class=\"post-body entry-content\">\n<div>\n<div><\/div>\n<div class=\"separator\" style=\"text-align: justify;\"><a href=\"https:\/\/blogger.googleusercontent.com\/img\/b\/R29vZ2xl\/AVvXsEivQJXL4tDf2vDan9ZgJGkEk6qfA0Ss-0b19xdETdhDCj4m-xn1Qzc-_wwSbQ0u87G7_nXF_uYNHK41inu6-VgoeCVh8XbI1Dj6vav2AJJuPmfF8BNicdjcJmEYi0S1L72yZmBPwX-sCOQtaeIqYBJa5VHA6MmS-SU2L_T54hm8IoajJGFZx2ySeiOXY74\/s1080\/FB_IMG_1737982349789.jpg\"><img decoding=\"async\" class=\"alignright lazyload\" data-src=\"https:\/\/blogger.googleusercontent.com\/img\/b\/R29vZ2xl\/AVvXsEivQJXL4tDf2vDan9ZgJGkEk6qfA0Ss-0b19xdETdhDCj4m-xn1Qzc-_wwSbQ0u87G7_nXF_uYNHK41inu6-VgoeCVh8XbI1Dj6vav2AJJuPmfF8BNicdjcJmEYi0S1L72yZmBPwX-sCOQtaeIqYBJa5VHA6MmS-SU2L_T54hm8IoajJGFZx2ySeiOXY74\/s280\/FB_IMG_1737982349789.jpg\" width=\"280\" height=\"185\" border=\"0\" data-original-height=\"717\" data-original-width=\"1080\" src=\"data:image\/svg+xml;base64,PHN2ZyB3aWR0aD0iMSIgaGVpZ2h0PSIxIiB4bWxucz0iaHR0cDovL3d3dy53My5vcmcvMjAwMC9zdmciPjwvc3ZnPg==\" style=\"--smush-placeholder-width: 280px; --smush-placeholder-aspect-ratio: 280\/185;\" \/><\/a>Este aporte tiene como objetivo garantizar que los militares de la instituci\u00f3n sigan desempe\u00f1ando sus funciones con la excelencia y la presencia que los caracteriza.<\/div>\n<div><\/div>\n<div class=\"separator\"><\/div>\n<div style=\"text-align: justify;\">Durante el acto, el General de Brigada Pablo Roberto Jim\u00e9nez S\u00e1nchez, ERD., presidente de la JRFPFFAA, expres\u00f3 su profundo agradecimiento al Ministro de Defensa, Teniente General Carlos Antonio Fern\u00e1ndez Onofre, ERD., por esta significativa entrega de avituallamientos.<\/div>\n<div><\/div>\n<div class=\"separator\" style=\"text-align: justify;\"><a href=\"https:\/\/blogger.googleusercontent.com\/img\/b\/R29vZ2xl\/AVvXsEjCLm00yukTLQPexjrOObd2RpFDHpnpdSEiUvEy1VXd5hYmZ0RuRX5vOE_ZLWtyxMOjSjcL3Wr-9XU9DlCyIAbOqr5ek_cIcBGFC0B0QwzCPpcbC05l-dGxHQXOfQzly1CeRTkhSOY58nBxLVXMfvko4qdDGNvEYiIYjL11jhQNqZ-Br_wcdcsR6MLJ0RY\/s1080\/FB_IMG_1737982330603.jpg\"><img decoding=\"async\" class=\"alignleft lazyload\" data-src=\"https:\/\/blogger.googleusercontent.com\/img\/b\/R29vZ2xl\/AVvXsEjCLm00yukTLQPexjrOObd2RpFDHpnpdSEiUvEy1VXd5hYmZ0RuRX5vOE_ZLWtyxMOjSjcL3Wr-9XU9DlCyIAbOqr5ek_cIcBGFC0B0QwzCPpcbC05l-dGxHQXOfQzly1CeRTkhSOY58nBxLVXMfvko4qdDGNvEYiIYjL11jhQNqZ-Br_wcdcsR6MLJ0RY\/s280\/FB_IMG_1737982330603.jpg\" width=\"280\" height=\"185\" border=\"0\" data-original-height=\"717\" data-original-width=\"1080\" src=\"data:image\/svg+xml;base64,PHN2ZyB3aWR0aD0iMSIgaGVpZ2h0PSIxIiB4bWxucz0iaHR0cDovL3d3dy53My5vcmcvMjAwMC9zdmciPjwvc3ZnPg==\" style=\"--smush-placeholder-width: 280px; --smush-placeholder-aspect-ratio: 280\/185;\" \/><\/a>Destac\u00f3 que este gesto no solo refleja el compromiso del MIDE con la instituci\u00f3n, sino que tambi\u00e9n fortalece la capacidad de los militares de la JRFPFFAA para realizar sus labores en favor de los miembros en la honrosa condici\u00f3n de retiro y sus familiares.<\/div>\n<div><\/div>\n<blockquote>\n<div style=\"text-align: justify;\">\u201cEsta entrega es un ejemplo del respaldo continuo hacia nuestra misi\u00f3n de servir con dignidad y entrega a nuestros veteranos y sus seres queridos. Los uniformes que hoy recibimos nos permitir\u00e1n seguir present\u00e1ndonos de manera intachable, como embajadores del respeto y la dedicaci\u00f3n que esta Junta de Retiro representa\u201d, expres\u00f3 el General de Brigada Jim\u00e9nez S\u00e1nchez.<\/div>\n<\/blockquote>\n<div><\/div>\n<div>Fuente: Junta de Retiro FF. AA. RD<\/div>\n<\/div>\n<\/div>\n<\/div>\n<\/div>\n<\/div>\n<\/div>\n<\/div>\n<\/div>\n<\/div>\n<\/div>\n<\/div>\n<\/div>\n<\/div>\n<\/div>\n<\/div>\n<\/div>\n<\/div>\n<\/div>\n<\/div>\n<\/div>\n","protected":false},"excerpt":{"rendered":"<p>Por Felix Rubio En un significativo acto de respaldo y colaboraci\u00f3n, el Ministerio de Defensa<\/p>\n","protected":false},"author":1,"featured_media":38076,"comment_status":"open","ping_status":"open","sticky":false,"template":"","format":"standard","meta":{"footnotes":""},"categories":[7],"tags":[],"class_list":["post-38073","post","type-post","status-publish","format-standard","has-post-thumbnail","hentry","category-nacionales"],"_links":{"self":[{"href":"https:\/\/defrentealaverdad.com\/index.php\/wp-json\/wp\/v2\/posts\/38073","targetHints":{"allow":["GET"]}}],"collection":[{"href":"https:\/\/defrentealaverdad.com\/index.php\/wp-json\/wp\/v2\/posts"}],"about":[{"href":"https:\/\/defrentealaverdad.com\/index.php\/wp-json\/wp\/v2\/types\/post"}],"author":[{"embeddable":true,"href":"https:\/\/defrentealaverdad.com\/index.php\/wp-json\/wp\/v2\/users\/1"}],"replies":[{"embeddable":true,"href":"https:\/\/defrentealaverdad.com\/index.php\/wp-json\/wp\/v2\/comments?post=38073"}],"version-history":[{"count":1,"href":"https:\/\/defrentealaverdad.com\/index.php\/wp-json\/wp\/v2\/posts\/38073\/revisions"}],"predecessor-version":[{"id":38077,"href":"https:\/\/defrentealaverdad.com\/index.php\/wp-json\/wp\/v2\/posts\/38073\/revisions\/38077"}],"wp:featuredmedia":[{"embeddable":true,"href":"https:\/\/defrentealaverdad.com\/index.php\/wp-json\/wp\/v2\/media\/38076"}],"wp:attachment":[{"href":"https:\/\/defrentealaverdad.com\/index.php\/wp-json\/wp\/v2\/media?parent=38073"}],"wp:term":[{"taxonomy":"category","embeddable":true,"href":"https:\/\/defrentealaverdad.com\/index.php\/wp-json\/wp\/v2\/categories?post=38073"},{"taxonomy":"post_tag","embeddable":true,"href":"https:\/\/defrentealaverdad.com\/index.php\/wp-json\/wp\/v2\/tags?post=38073"}],"curies":[{"name":"wp","href":"https:\/\/api.w.org\/{rel}","templated":true}]}}