{"id":38069,"date":"2025-01-27T21:23:19","date_gmt":"2025-01-27T21:23:19","guid":{"rendered":"https:\/\/defrentealaverdad.com\/?p=38069"},"modified":"2025-01-27T21:23:19","modified_gmt":"2025-01-27T21:23:19","slug":"sebhas-presenta-su-nuevo-sencillo-lo-siento","status":"publish","type":"post","link":"https:\/\/defrentealaverdad.com\/index.php\/2025\/01\/27\/sebhas-presenta-su-nuevo-sencillo-lo-siento\/","title":{"rendered":"Sebhas presenta su nuevo sencillo \u00ablo siento\u00bb"},"content":{"rendered":"<p style=\"text-align: justify;\">El cantante, compositor y m\u00fasico colombiano Sebhas, radicado en Espa\u00f1a, lanza su m\u00e1s reciente sencillo titulado \u201cLo Siento\u201d, una balada pop-rock que captura la esencia de una ruptura amorosa cuando ya no queda esperanza en la relaci\u00f3n.<img decoding=\"async\" class=\"size-medium wp-image-38071 alignright lazyload\" data-src=\"https:\/\/defrentealaverdad.com\/wp-content\/uploads\/2025\/01\/IMG-20250127-WA0018-300x200.jpg\" alt=\"\" width=\"300\" height=\"200\" data-srcset=\"https:\/\/defrentealaverdad.com\/wp-content\/uploads\/2025\/01\/IMG-20250127-WA0018-300x200.jpg 300w, https:\/\/defrentealaverdad.com\/wp-content\/uploads\/2025\/01\/IMG-20250127-WA0018-1024x683.jpg 1024w, https:\/\/defrentealaverdad.com\/wp-content\/uploads\/2025\/01\/IMG-20250127-WA0018-768x512.jpg 768w, https:\/\/defrentealaverdad.com\/wp-content\/uploads\/2025\/01\/IMG-20250127-WA0018.jpg 1086w\" data-sizes=\"(max-width: 300px) 100vw, 300px\" src=\"data:image\/svg+xml;base64,PHN2ZyB3aWR0aD0iMSIgaGVpZ2h0PSIxIiB4bWxucz0iaHR0cDovL3d3dy53My5vcmcvMjAwMC9zdmciPjwvc3ZnPg==\" style=\"--smush-placeholder-width: 300px; --smush-placeholder-aspect-ratio: 300\/200;\" \/><\/p>\n<p style=\"text-align: justify;\">\u201cLo Siento\u201d refleja las emociones universales de la vida cotidiana, mostrando c\u00f3mo el amor puede ser tan vol\u00e1til como intenso. Seg\u00fan Sebhas:<\/p>\n<blockquote>\n<p style=\"text-align: justify;\">\u201cEsta canci\u00f3n habla de lo vulnerables que somos ante lo bueno y lo malo, de c\u00f3mo podemos estar felices un d\u00eda y tristes al siguiente. Pero, al final, siempre existe la oportunidad de seguir adelante y encontrar nuestro lugar\u201d.<\/p>\n<\/blockquote>\n<p style=\"text-align: justify;\">El sencillo forma parte de su \u00e1lbum \u201cMi Destino\u201d, una propuesta musical innovadora que fusiona g\u00e9neros como pop-rock, jazz y pop urbano. Este disco est\u00e1 cargado de letras que exploran el amor y el desamor, con un sonido fresco y aut\u00e9ntico.<\/p>\n<p style=\"text-align: justify;\">La producci\u00f3n de \u201cLo Siento\u201d estuvo a cargo de Luis Bacque, reconocido ingeniero de sonido, m\u00fasico y productor argentino que ha trabajado con artistas como Cubeatz, Ricardo Montaner y Guillermo Klein. Adem\u00e1s, el proyecto cont\u00f3 con la participaci\u00f3n de grandes talentos internacionales como:<\/p>\n<p>\u00a0\u2022 Giulliana Merello (baterista de Karol G, Buika y Larry Braggs)<\/p>\n<p>\u2022 SusV\u00e1squez (guitarrista colombiana que ha colaborado con Benson Boone, Luis Fonsi y Karol G)<\/p>\n<p>\u2022 Mey, cantante argentina que ha trabajado con David Guetta, en los coros.<\/p>\n<p style=\"text-align: justify;\">Sebhas, reconocido por su dedicaci\u00f3n al arte, contin\u00faa cautivando con su destreza musical al combinar ritmos pegajosos con melod\u00edas emotivas. Este lanzamiento no solo enriquece su repertorio, sino que marca un importante paso en su proyecci\u00f3n internacional.<\/p>\n<p style=\"text-align: justify;\">El sencillo \u201cLo Siento\u201d ya est\u00e1 disponible en todas las plataformas digitales. Sebhas invita a sus seguidores a conectar con su m\u00fasica y a descubrir su \u00e1lbum \u201cMi Destino\u201d, una obra que promete deleitar a audiencias globales.<\/p>\n<p style=\"text-align: justify;\">S\u00edguelo en sus redes sociales para m\u00e1s novedades:<\/p>\n<p>\u00a0\u2022 Instagram: @sebhasmusic<\/p>\n<p>\u2022 YouTube: Sebhas<\/p>\n<p>\u2022 Spotify: Sebhas<\/p>\n<p>\u2022 TikTok: @sebhasmusic<\/p>\n<p>Fuente: Cr\u00f3nicas con Nova<\/p>\n","protected":false},"excerpt":{"rendered":"<p>El cantante, compositor y m\u00fasico colombiano Sebhas, radicado en Espa\u00f1a, lanza su m\u00e1s reciente sencillo<\/p>\n","protected":false},"author":1,"featured_media":38070,"comment_status":"open","ping_status":"open","sticky":false,"template":"","format":"standard","meta":{"footnotes":""},"categories":[249],"tags":[],"class_list":["post-38069","post","type-post","status-publish","format-standard","has-post-thumbnail","hentry","category-farandula"],"_links":{"self":[{"href":"https:\/\/defrentealaverdad.com\/index.php\/wp-json\/wp\/v2\/posts\/38069","targetHints":{"allow":["GET"]}}],"collection":[{"href":"https:\/\/defrentealaverdad.com\/index.php\/wp-json\/wp\/v2\/posts"}],"about":[{"href":"https:\/\/defrentealaverdad.com\/index.php\/wp-json\/wp\/v2\/types\/post"}],"author":[{"embeddable":true,"href":"https:\/\/defrentealaverdad.com\/index.php\/wp-json\/wp\/v2\/users\/1"}],"replies":[{"embeddable":true,"href":"https:\/\/defrentealaverdad.com\/index.php\/wp-json\/wp\/v2\/comments?post=38069"}],"version-history":[{"count":1,"href":"https:\/\/defrentealaverdad.com\/index.php\/wp-json\/wp\/v2\/posts\/38069\/revisions"}],"predecessor-version":[{"id":38072,"href":"https:\/\/defrentealaverdad.com\/index.php\/wp-json\/wp\/v2\/posts\/38069\/revisions\/38072"}],"wp:featuredmedia":[{"embeddable":true,"href":"https:\/\/defrentealaverdad.com\/index.php\/wp-json\/wp\/v2\/media\/38070"}],"wp:attachment":[{"href":"https:\/\/defrentealaverdad.com\/index.php\/wp-json\/wp\/v2\/media?parent=38069"}],"wp:term":[{"taxonomy":"category","embeddable":true,"href":"https:\/\/defrentealaverdad.com\/index.php\/wp-json\/wp\/v2\/categories?post=38069"},{"taxonomy":"post_tag","embeddable":true,"href":"https:\/\/defrentealaverdad.com\/index.php\/wp-json\/wp\/v2\/tags?post=38069"}],"curies":[{"name":"wp","href":"https:\/\/api.w.org\/{rel}","templated":true}]}}