{"id":3753,"date":"2023-02-22T13:20:31","date_gmt":"2023-02-22T13:20:31","guid":{"rendered":"https:\/\/defrentealaverdad.com\/?p=3753"},"modified":"2023-02-22T13:20:31","modified_gmt":"2023-02-22T13:20:31","slug":"colegio-de-abogados-denuncia-proyecto-del-ministerio-de-justicia-es-una-estocada-para-independencia-de-ese-poder-del-estado","status":"publish","type":"post","link":"https:\/\/defrentealaverdad.com\/index.php\/2023\/02\/22\/colegio-de-abogados-denuncia-proyecto-del-ministerio-de-justicia-es-una-estocada-para-independencia-de-ese-poder-del-estado\/","title":{"rendered":"Colegio de Abogados denuncia proyecto del Ministerio de Justicia es una estocada para independencia de ese poder del Estado"},"content":{"rendered":"<p><strong>Asegura la pieza busca entregar a la Presidencia de la Rep\u00fablica el control de registros de t\u00edtulos, mensuras cat\u00e1strateles, INACIF, c\u00e1rceles, notarios y abogados\u00a0<\/strong><\/p>\n<p style=\"text-align: justify;\"><img decoding=\"async\" class=\"aligncenter lazyload\" data-src=\"https:\/\/i2.wp.com\/ahoramismo.com.do\/wp-content\/uploads\/2023\/02\/Surum.jpeg?fit=640%2C360&amp;ssl=1\" alt=\"Colegio de Abogados denuncia que el proyecto del Ministerio de Justicia es  una estocada para la independencia de ese poder del Estado | ahoramismo\" src=\"data:image\/svg+xml;base64,PHN2ZyB3aWR0aD0iMSIgaGVpZ2h0PSIxIiB4bWxucz0iaHR0cDovL3d3dy53My5vcmcvMjAwMC9zdmciPjwvc3ZnPg==\" \/><\/p>\n<p style=\"text-align: justify;\">Santo Domingo, Rep\u00fablica Dominicana. El Colegio de Abogados de la Republica Dominicana (CARD) calific\u00f3 el proyecto que busca crear el Ministerio de Justicia como una estocada a la independencia de ese poder del Estado.<\/p>\n<p style=\"text-align: justify;\">En ese sentido, el presidente del CARD, Miguel Surun Hern\u00e1ndez, denunci\u00f3 que con esa propuesta se busca entregar a la Presidencia de la Rep\u00fablica el control de registros de t\u00edtulos, mensuras cat\u00e1strateles, INACIF, c\u00e1rceles, notarios y abogados.<\/p>\n<p style=\"text-align: justify;\">El jurista alert\u00f3, adem\u00e1s, de que la propuesta de creaci\u00f3n del Ministerio de Justicia propiciar\u00eda la legitimaci\u00f3n de contratos, cuotas y litis por el orden de los 50 mil millones otorgados de grado a grado en favor de abogados relacionados a funcionarios palaciegos, sin l\u00edmite o fiscalizaci\u00f3n de profesionales del derecho en perjuicio del Estado Dominicano.<\/p>\n<p style=\"text-align: justify;\">\u201cCon esta iniciativa se pretende aniquilar la independencia del Poder Judicial y de la Procuradur\u00eda, con la creaci\u00f3n de un aparato burocr\u00e1tico sombra del Poder Ejecutivo, con intervenci\u00f3n directa en la administraci\u00f3n de justicia\u201d afirm\u00f3 el gremialista.<\/p>\n<p style=\"text-align: justify;\">De igual forma, sostuvo que ese control incluir\u00eda, adem\u00e1s, la entrega del INACIF, c\u00e1rceles y fiscal\u00edas titulares en todo el pa\u00eds al presidente de turno.<\/p>\n<p style=\"text-align: justify;\">Miguel Surun Hern\u00e1ndez indic\u00f3 que de crearse como est\u00e1 concebido, el Ministerio de Justicia pondr\u00eda en grave riesgo la seguridad jur\u00eddica inmobiliaria de Rep\u00fablica Dominicana, al entregar al Poder Ejecutivo el nombramiento de pol\u00edticos al frente del Registro de T\u00edtulos de Propiedad Inmobiliaria y de la Direcci\u00f3n de Mensuras Cat\u00e1strales.<\/p>\n<p style=\"text-align: justify;\">\u201cDe crearse este Ministerio de Justicia como est\u00e1 planteado destruir\u00eda la fiabilidad de los T\u00edtulos de Propiedad, de los deslindes y de las certificaciones de cargas y grav\u00e1menes, cuya expedici\u00f3n depender\u00e1 de un pol\u00edtico, que perfectamente podr\u00eda emular la fat\u00eddica experiencia de pasaportes\u201d, dijo el presidente del CARD.<\/p>\n<p style=\"text-align: justify;\">El gremialista consider\u00f3 que no se puede permitir que en el pa\u00eds se agote el papel de seguridad de los T\u00edtulos de Propiedad, por emitirlos sin control en funci\u00f3n de simpat\u00eda pol\u00edtica, lo cual ser\u00eda fatal para el clima de inversi\u00f3n en el pa\u00eds.<\/p>\n<p style=\"text-align: justify;\">Precis\u00f3 que una situaci\u00f3n similar podr\u00eda ocurrir en el INACIF, donde el director ser\u00e1 un pol\u00edtico nombrado por el presidente de la Rep\u00fablica, pese a ser la persona encargada de determinar cu\u00e1ndo una sustancia ocupada es o no es droga, la legitimidad de un documento, si la causa de muerte de una persona es homicidio y si hay lesiones y su gravedad.<\/p>\n<p style=\"text-align: justify;\">El presidente del Colegio de Abogados puso en duda que un pol\u00edtico pueda emitir dict\u00e1menes en un sentido o en otro, dependiendo de su inter\u00e9s partidario o econ\u00f3mico, contrario a lo que sucede en la actualidad donde el director de INACIF es nombrado por el Consejo del Ministerio P\u00fablico. Surun Hern\u00e1ndez manifest\u00f3 que el sistema carcelario tambi\u00e9n estar\u00eda en manos de un pol\u00edtico nombrado por el presidente de la Rep\u00fablica, que tendr\u00eda a su cargo el negocio de las certificaciones de buena conducta y de las comidas a los presos, pese a la fat\u00eddica experiencia en el desayuno escolar.<\/p>\n<p style=\"text-align: justify;\"><strong>Atentado a los Colegios de Abogados y de Notarios.<\/strong><\/p>\n<p style=\"text-align: justify;\">El presidente del CARD precis\u00f3 que el proyecto de Ley del Ministerio de Justicia en su art\u00edculo 29, entrega al presidente de la Rep\u00fablica el control del ejercicio de la abogac\u00eda, de los notarios, los alguaciles y de los int\u00e9rpretes judiciales en un grave atentado a la autonom\u00eda e independencia del Colegio de Abogados y del Colegio de Notarios, a quienes despoja de sus atribuciones legales, atentando contra el libre ejercicio de esas profesiones.<\/p>\n<p style=\"text-align: justify;\">Dijo que no descarta que esas profesiones solo podr\u00e1n ejercerlas quienes no sean contrarios a los intereses del presidente de la Rep\u00fablica de turno.<\/p>\n<p style=\"text-align: justify;\">\n<p style=\"text-align: justify;\">\n<p style=\"text-align: justify;\">Fuente: Comunicaciones CARD<\/p>\n","protected":false},"excerpt":{"rendered":"<p>Asegura la pieza busca entregar a la Presidencia de la Rep\u00fablica el control de registros<\/p>\n","protected":false},"author":1,"featured_media":0,"comment_status":"open","ping_status":"open","sticky":false,"template":"","format":"standard","meta":{"footnotes":""},"categories":[7],"tags":[],"class_list":["post-3753","post","type-post","status-publish","format-standard","hentry","category-nacionales"],"_links":{"self":[{"href":"https:\/\/defrentealaverdad.com\/index.php\/wp-json\/wp\/v2\/posts\/3753","targetHints":{"allow":["GET"]}}],"collection":[{"href":"https:\/\/defrentealaverdad.com\/index.php\/wp-json\/wp\/v2\/posts"}],"about":[{"href":"https:\/\/defrentealaverdad.com\/index.php\/wp-json\/wp\/v2\/types\/post"}],"author":[{"embeddable":true,"href":"https:\/\/defrentealaverdad.com\/index.php\/wp-json\/wp\/v2\/users\/1"}],"replies":[{"embeddable":true,"href":"https:\/\/defrentealaverdad.com\/index.php\/wp-json\/wp\/v2\/comments?post=3753"}],"version-history":[{"count":1,"href":"https:\/\/defrentealaverdad.com\/index.php\/wp-json\/wp\/v2\/posts\/3753\/revisions"}],"predecessor-version":[{"id":3754,"href":"https:\/\/defrentealaverdad.com\/index.php\/wp-json\/wp\/v2\/posts\/3753\/revisions\/3754"}],"wp:attachment":[{"href":"https:\/\/defrentealaverdad.com\/index.php\/wp-json\/wp\/v2\/media?parent=3753"}],"wp:term":[{"taxonomy":"category","embeddable":true,"href":"https:\/\/defrentealaverdad.com\/index.php\/wp-json\/wp\/v2\/categories?post=3753"},{"taxonomy":"post_tag","embeddable":true,"href":"https:\/\/defrentealaverdad.com\/index.php\/wp-json\/wp\/v2\/tags?post=3753"}],"curies":[{"name":"wp","href":"https:\/\/api.w.org\/{rel}","templated":true}]}}