{"id":3678,"date":"2023-02-12T18:27:08","date_gmt":"2023-02-12T18:27:08","guid":{"rendered":"https:\/\/defrentealaverdad.com\/?p=3678"},"modified":"2023-02-13T18:28:21","modified_gmt":"2023-02-13T18:28:21","slug":"temblor-de-4-2-grados-en-puerto-plata","status":"publish","type":"post","link":"https:\/\/defrentealaverdad.com\/index.php\/2023\/02\/12\/temblor-de-4-2-grados-en-puerto-plata\/","title":{"rendered":"Temblor de 4.2 grados en Puerto Plata"},"content":{"rendered":"<header class=\"xl:ml-12 xl:pl-1 lg:ml-10 lg:pl-0 md:ml-12 md:pl-1 mb-4\">\n<h1 class=\"text-2xl mb-2\" style=\"text-align: justify;\"><span style=\"font-size: 16px;\">El movimiento ocurri\u00f3 pr\u00f3ximo a las 8:30 de la noche<\/span><\/h1>\n<div class=\"border-b-2 pb-3 byline text-lg\" style=\"text-align: justify;\"><\/div>\n<\/header>\n<div class=\"flex flex-wrap -ml-4 -mr-3 relative md:px-3 lg:px-0\">\n<div class=\"w-full xl:w-85\/12 md:w-75\/12 sm:w-full px-4 pb-12\">\n<figure class=\"text-lg\" style=\"text-align: justify;\"><picture><img decoding=\"async\" class=\"mx-auto lazyload\" title=\"Temblor de 4.2 grados en Puerto Plata\" data-src=\"https:\/\/resources.diariolibre.com\/images\/2023\/02\/12\/puerto-plata-1-332294dc-focus-0-0-895-573.png\" alt=\"Temblor de 4.2 grados en Puerto Plata\" width=\"100%\" height=\"350\" src=\"data:image\/svg+xml;base64,PHN2ZyB3aWR0aD0iMSIgaGVpZ2h0PSIxIiB4bWxucz0iaHR0cDovL3d3dy53My5vcmcvMjAwMC9zdmciPjwvc3ZnPg==\" \/><\/picture><\/figure>\n<div class=\"detail-body text-lg\">\n<p style=\"text-align: justify;\">El Centro Nacional de Sismolog\u00eda reporta la noche de este s\u00e1bado 11 de febrero la ocurrencia de un\u00a0<strong>temblor de tierra<\/strong>\u00a0de magnitud 4.3 grados en la provincia\u00a0<strong>Puerto Plata<\/strong>\u00a0a las 8:28 de la noche.<\/p>\n<p style=\"text-align: justify;\">De acuerdo con el sismol\u00f3gico, el temblor de una profundidad de 1.9 kil\u00f3metros est\u00e1 localizado a 11.1 kil\u00f3metros al sureste de Altamira en la citada provincia.<\/p>\n<p style=\"text-align: justify;\">Hasta ahora no se han reportado da\u00f1os por el movimiento tel\u00farico.<\/p>\n<\/div>\n<p>&nbsp;<\/p>\n<\/div>\n<\/div>\n<p>Fuente: Diario Libre RD<\/p>\n","protected":false},"excerpt":{"rendered":"<p>El movimiento ocurri\u00f3 pr\u00f3ximo a las 8:30 de la noche El Centro Nacional de Sismolog\u00eda<\/p>\n","protected":false},"author":1,"featured_media":0,"comment_status":"open","ping_status":"open","sticky":false,"template":"","format":"standard","meta":{"footnotes":""},"categories":[7],"tags":[],"class_list":["post-3678","post","type-post","status-publish","format-standard","hentry","category-nacionales"],"_links":{"self":[{"href":"https:\/\/defrentealaverdad.com\/index.php\/wp-json\/wp\/v2\/posts\/3678","targetHints":{"allow":["GET"]}}],"collection":[{"href":"https:\/\/defrentealaverdad.com\/index.php\/wp-json\/wp\/v2\/posts"}],"about":[{"href":"https:\/\/defrentealaverdad.com\/index.php\/wp-json\/wp\/v2\/types\/post"}],"author":[{"embeddable":true,"href":"https:\/\/defrentealaverdad.com\/index.php\/wp-json\/wp\/v2\/users\/1"}],"replies":[{"embeddable":true,"href":"https:\/\/defrentealaverdad.com\/index.php\/wp-json\/wp\/v2\/comments?post=3678"}],"version-history":[{"count":2,"href":"https:\/\/defrentealaverdad.com\/index.php\/wp-json\/wp\/v2\/posts\/3678\/revisions"}],"predecessor-version":[{"id":3680,"href":"https:\/\/defrentealaverdad.com\/index.php\/wp-json\/wp\/v2\/posts\/3678\/revisions\/3680"}],"wp:attachment":[{"href":"https:\/\/defrentealaverdad.com\/index.php\/wp-json\/wp\/v2\/media?parent=3678"}],"wp:term":[{"taxonomy":"category","embeddable":true,"href":"https:\/\/defrentealaverdad.com\/index.php\/wp-json\/wp\/v2\/categories?post=3678"},{"taxonomy":"post_tag","embeddable":true,"href":"https:\/\/defrentealaverdad.com\/index.php\/wp-json\/wp\/v2\/tags?post=3678"}],"curies":[{"name":"wp","href":"https:\/\/api.w.org\/{rel}","templated":true}]}}