{"id":3651,"date":"2023-02-11T23:23:40","date_gmt":"2023-02-11T23:23:40","guid":{"rendered":"https:\/\/defrentealaverdad.com\/?p=3651"},"modified":"2023-02-11T23:23:40","modified_gmt":"2023-02-11T23:23:40","slug":"operativo-medico-odontologico-y-de-fumigacion-en-la-bomba-dajabon","status":"publish","type":"post","link":"https:\/\/defrentealaverdad.com\/index.php\/2023\/02\/11\/operativo-medico-odontologico-y-de-fumigacion-en-la-bomba-dajabon\/","title":{"rendered":"Operativo M\u00e9dico-Odontol\u00f3gico y de Fumigaci\u00f3n en La Bomba, Dajab\u00f3n"},"content":{"rendered":"<p>Por F\u00e9lix Rubio<\/p>\n<p><img decoding=\"async\" class=\"alignnone size-medium wp-image-3652 lazyload\" data-src=\"https:\/\/defrentealaverdad.com\/wp-content\/uploads\/2023\/02\/IMG-20230210-WA0227-300x200.jpg\" alt=\"\" width=\"300\" height=\"200\" data-srcset=\"https:\/\/defrentealaverdad.com\/wp-content\/uploads\/2023\/02\/IMG-20230210-WA0227-300x200.jpg 300w, https:\/\/defrentealaverdad.com\/wp-content\/uploads\/2023\/02\/IMG-20230210-WA0227-1024x682.jpg 1024w, https:\/\/defrentealaverdad.com\/wp-content\/uploads\/2023\/02\/IMG-20230210-WA0227-768x512.jpg 768w, https:\/\/defrentealaverdad.com\/wp-content\/uploads\/2023\/02\/IMG-20230210-WA0227.jpg 1280w\" data-sizes=\"(max-width: 300px) 100vw, 300px\" src=\"data:image\/svg+xml;base64,PHN2ZyB3aWR0aD0iMSIgaGVpZ2h0PSIxIiB4bWxucz0iaHR0cDovL3d3dy53My5vcmcvMjAwMC9zdmciPjwvc3ZnPg==\" style=\"--smush-placeholder-width: 300px; --smush-placeholder-aspect-ratio: 300\/200;\" \/><\/p>\n<p>DAJAB\u00d3N. \u2013 Cientos de moradores del sector La Bomba de Dajab\u00f3n fueron beneficiados, gracias a un Operativo M\u00e9dico Odontol\u00f3gico que realiz\u00f3 la Comandancia General del Ej\u00e9rcito, en la Escuela B\u00e1sica Francisco Javier Ure\u00f1a Canela, donde les fueron brindadas las atenciones de especialistas en las distintas ramas del \u00e1rea de la salud como son: Medicina Interna, Urolog\u00eda, Ginecolog\u00eda, Pediatr\u00eda, Medicina General, Cardiolog\u00eda, Medicina Familiar, Cirug\u00eda General, Ortopedia, Dermatolog\u00eda, Psicolog\u00eda, Geriatr\u00eda, Gastroenterolog\u00eda, Oftalmolog\u00eda, Odontolog\u00eda, entre otras.<\/p>\n<p>&nbsp;<\/p>\n<p>Dicho operativo se inscribe dentro del programa de acciones c\u00edvicas que lleva a cabo la instituci\u00f3n acorde al Plan Estrat\u00e9gico Institucional, que procura el apoyo al desarrollo social y econ\u00f3mico del pa\u00eds, a trav\u00e9s de las capacidades del Ej\u00e9rcito, a fin de mejorar y fortalecer las condiciones de vida de las personas a nivel nacional, contribuyendo as\u00ed con el desarrollo de la naci\u00f3n.<\/p>\n<p>&nbsp;<\/p>\n<p>En el mismo fueron asistidas aproximadamente 1,500 familias, de manera gratuita con atenciones en distintas especialidades, a quienes se les hizo entrega de medicamentos, adem\u00e1s se realizaron cortes de pelo a los moradores de esa localidad, as\u00ed como trabajos de fumigaci\u00f3n, los cuales buscan prevenir enfermedades y combatir plagas.<\/p>\n<p>&nbsp;<\/p>\n<p>Al operativo asistieron la Gobernadora de Dajab\u00f3n Rosalba Milagros Pe\u00f1a, el Alcalde Municipal Santiago River\u00f3n Arias, el Mayor General Carlos Antonio Fern\u00e1ndez Onofre, Comandante General del Ej\u00e9rcito, el Coronel Pablo Roberto Jim\u00e9nez S\u00e1nchez, ERD. Director de Asuntos Civiles, G-5, ERD., adem\u00e1s de otras autoridades civiles y militares de esa localidad.<\/p>\n<p>&nbsp;<\/p>\n<p>Fuente: Comandancia General del Ej\u00e9rcito<\/p>\n","protected":false},"excerpt":{"rendered":"<p>Por F\u00e9lix Rubio DAJAB\u00d3N. \u2013 Cientos de moradores del sector La Bomba de Dajab\u00f3n fueron<\/p>\n","protected":false},"author":1,"featured_media":0,"comment_status":"open","ping_status":"open","sticky":false,"template":"","format":"standard","meta":{"footnotes":""},"categories":[7],"tags":[],"class_list":["post-3651","post","type-post","status-publish","format-standard","hentry","category-nacionales"],"_links":{"self":[{"href":"https:\/\/defrentealaverdad.com\/index.php\/wp-json\/wp\/v2\/posts\/3651","targetHints":{"allow":["GET"]}}],"collection":[{"href":"https:\/\/defrentealaverdad.com\/index.php\/wp-json\/wp\/v2\/posts"}],"about":[{"href":"https:\/\/defrentealaverdad.com\/index.php\/wp-json\/wp\/v2\/types\/post"}],"author":[{"embeddable":true,"href":"https:\/\/defrentealaverdad.com\/index.php\/wp-json\/wp\/v2\/users\/1"}],"replies":[{"embeddable":true,"href":"https:\/\/defrentealaverdad.com\/index.php\/wp-json\/wp\/v2\/comments?post=3651"}],"version-history":[{"count":1,"href":"https:\/\/defrentealaverdad.com\/index.php\/wp-json\/wp\/v2\/posts\/3651\/revisions"}],"predecessor-version":[{"id":3653,"href":"https:\/\/defrentealaverdad.com\/index.php\/wp-json\/wp\/v2\/posts\/3651\/revisions\/3653"}],"wp:attachment":[{"href":"https:\/\/defrentealaverdad.com\/index.php\/wp-json\/wp\/v2\/media?parent=3651"}],"wp:term":[{"taxonomy":"category","embeddable":true,"href":"https:\/\/defrentealaverdad.com\/index.php\/wp-json\/wp\/v2\/categories?post=3651"},{"taxonomy":"post_tag","embeddable":true,"href":"https:\/\/defrentealaverdad.com\/index.php\/wp-json\/wp\/v2\/tags?post=3651"}],"curies":[{"name":"wp","href":"https:\/\/api.w.org\/{rel}","templated":true}]}}