{"id":3648,"date":"2023-02-10T20:11:36","date_gmt":"2023-02-10T20:11:36","guid":{"rendered":"https:\/\/defrentealaverdad.com\/?p=3648"},"modified":"2023-02-10T20:12:02","modified_gmt":"2023-02-10T20:12:02","slug":"bid-y-bid-invest-realizaran-su-reunion-anual-en-panama-del-16-al-19-de-marzo","status":"publish","type":"post","link":"https:\/\/defrentealaverdad.com\/index.php\/2023\/02\/10\/bid-y-bid-invest-realizaran-su-reunion-anual-en-panama-del-16-al-19-de-marzo\/","title":{"rendered":"BID y BID Invest realizar\u00e1n su reuni\u00f3n anual en Panam\u00e1 del 16 al 19 de marzo"},"content":{"rendered":"<div class=\"clearfix text-formatted field field--name-body field--type-text-with-summary field--label-hidden field__item\">\n<p style=\"text-align: justify;\"><em>El\u00a0registro\u00a0en l\u00ednea esta ya disponible para cubrir este importante encuentro de l\u00edderes econ\u00f3micos y financieros de Am\u00e9rica Latina y el Caribe<\/em><\/p>\n<p style=\"text-align: justify;\"><img decoding=\"async\" data-src=\"https:\/\/www.idbinvest.org\/sites\/default\/files\/styles\/large\/public\/2022-03\/portada-edificio-bid-washington.jpg?itok=dvMI23nE\" alt=\"La sesi\u00f3n inaugural de la Reuni\u00f3n Anual 2022 se transmitir\u00e1 en vivo el lunes 28 de marzo | BID Invest\" src=\"data:image\/svg+xml;base64,PHN2ZyB3aWR0aD0iMSIgaGVpZ2h0PSIxIiB4bWxucz0iaHR0cDovL3d3dy53My5vcmcvMjAwMC9zdmciPjwvc3ZnPg==\" class=\"lazyload\" \/><\/p>\n<p style=\"text-align: justify;\">El Banco Interamericano de Desarrollo (BID) y BID Invest celebrar\u00e1n su Reuni\u00f3n Anual en Panam\u00e1 entre 16 y el 19 de marzo. Los l\u00edderes econ\u00f3micos y financieros de los 48 pa\u00edses miembros del BID y del sector privado abordar\u00e1n los retos de desarrollo y las oportunidades en Am\u00e9rica Latina y el Caribe, que van desde los impactos del cambio clim\u00e1tico hasta asegurar un crecimiento equitativo y sostenible.<\/p>\n<p style=\"text-align: justify;\">La reuni\u00f3n tendr\u00e1 lugar en Centro de Convenciones de Panam\u00e1 y ser\u00e1 la 63\u00aa edici\u00f3n de la Reuni\u00f3n Anual de la Asamblea de Gobernadores del BID y la edici\u00f3n 37\u00aa de la Asamblea de Gobernadores de BID Invest, que trabaja con el sector privado de la regi\u00f3n.<\/p>\n<p style=\"text-align: justify;\">La Asamblea de Gobernadores del BID y de BID Invest es el m\u00e1ximo \u00f3rgano de decisi\u00f3n del Grupo BID y est\u00e1 integrada por los ministros de finanzas y econom\u00eda y otros altos funcionarios de los pa\u00edses miembros de la organizaci\u00f3n.<\/p>\n<p style=\"text-align: justify;\">En Panam\u00e1, los Gobernadores discutir\u00e1n las formas en las que el BID puede potenciar su papel en Am\u00e9rica Latina como el principal proveedor de financiamiento e investigaci\u00f3n para el desarrollo de la regi\u00f3n.<\/p>\n<p style=\"text-align: justify;\">El evento incluir\u00e1 seminarios sobre temas prioritarios y contar\u00e1 con el lanzamiento del informe macroecon\u00f3mico anual de la regi\u00f3n. Los temas en discusi\u00f3n incluyen pobreza y desigualdad; la crisis clim\u00e1tica y la transici\u00f3n verde; biodiversidad; g\u00e9nero, diversidad e inclusi\u00f3n; infraestructura sostenible e inclusiva; e integraci\u00f3n regional.<\/p>\n<p style=\"text-align: justify;\">Los medios de comunicaci\u00f3n que deseen asistir deber\u00e1n registrarse antes del pr\u00f3ximo 9 de marzo. Solo miembros de la prensa acreditados in situ recibir\u00e1n informaci\u00f3n sobre conferencias de prensa y otras actividades espec\u00edficas para los periodistas.<\/p>\n<p style=\"text-align: justify;\">M\u00e1s informaci\u00f3n se encuentra disponible en el\u00a0sitio web de la Reuni\u00f3n Anual.<\/p>\n<\/div>\n<div class=\"clearfix text-formatted field field--name-field-news-about-the-idb field--type-text-long field--label-hidden field__item\">\n<p style=\"text-align: justify;\"><strong>Sobre el BID<\/strong><\/p>\n<p style=\"text-align: justify;\">El Banco Interamericano de Desarrollo tiene como misi\u00f3n mejorar vidas. Fundado en 1959, el BID es una de las principales fuentes de financiamiento a largo plazo para el desarrollo econ\u00f3mico, social e institucional de Am\u00e9rica Latina y el Caribe. El BID tambi\u00e9n realiza proyectos de investigaci\u00f3n de vanguardia y ofrece asesor\u00eda sobre pol\u00edticas, asistencia t\u00e9cnica y capacitaci\u00f3n a clientes p\u00fablicos y privados en toda la regi\u00f3n.<\/p>\n<p style=\"text-align: justify;\"><strong>Acerca de BID Invest<\/strong><\/p>\n<p style=\"text-align: justify;\">BID Invest, miembro del Grupo BID, es un banco multilateral de desarrollo comprometido a promover el desarrollo econ\u00f3mico de sus pa\u00edses miembros en Am\u00e9rica Latina y el Caribe a trav\u00e9s del sector privado. BID Invest financia empresas y proyectos sostenibles para que alcancen resultados financieros y maximicen el desarrollo econ\u00f3mico, social y medio ambiental en la regi\u00f3n. Con una cartera de US$15.300 millones en activos bajo administraci\u00f3n y 375 clientes en 25 pa\u00edses, BID Invest provee soluciones financieras innovadoras y servicios de asesor\u00eda que responden a las necesidades de sus clientes en una variedad de sectores<\/p>\n<\/div>\n<p>&nbsp;<\/p>\n<p>&nbsp;<\/p>\n<p>Fuente: <span class=\"qu\" tabindex=\"-1\" role=\"gridcell\" translate=\"no\"><span class=\"gD\" data-hovercard-id=\"noreply@mail.iadb.org\" data-hovercard-owner-id=\"114\">Banco Interamericano de Desarrollo<\/span><\/span><\/p>\n","protected":false},"excerpt":{"rendered":"<p>El\u00a0registro\u00a0en l\u00ednea esta ya disponible para cubrir este importante encuentro de l\u00edderes econ\u00f3micos y financieros<\/p>\n","protected":false},"author":2,"featured_media":0,"comment_status":"open","ping_status":"open","sticky":false,"template":"","format":"standard","meta":{"footnotes":""},"categories":[2,16],"tags":[],"class_list":["post-3648","post","type-post","status-publish","format-standard","hentry","category-economicas","category-internacionales"],"_links":{"self":[{"href":"https:\/\/defrentealaverdad.com\/index.php\/wp-json\/wp\/v2\/posts\/3648","targetHints":{"allow":["GET"]}}],"collection":[{"href":"https:\/\/defrentealaverdad.com\/index.php\/wp-json\/wp\/v2\/posts"}],"about":[{"href":"https:\/\/defrentealaverdad.com\/index.php\/wp-json\/wp\/v2\/types\/post"}],"author":[{"embeddable":true,"href":"https:\/\/defrentealaverdad.com\/index.php\/wp-json\/wp\/v2\/users\/2"}],"replies":[{"embeddable":true,"href":"https:\/\/defrentealaverdad.com\/index.php\/wp-json\/wp\/v2\/comments?post=3648"}],"version-history":[{"count":2,"href":"https:\/\/defrentealaverdad.com\/index.php\/wp-json\/wp\/v2\/posts\/3648\/revisions"}],"predecessor-version":[{"id":3650,"href":"https:\/\/defrentealaverdad.com\/index.php\/wp-json\/wp\/v2\/posts\/3648\/revisions\/3650"}],"wp:attachment":[{"href":"https:\/\/defrentealaverdad.com\/index.php\/wp-json\/wp\/v2\/media?parent=3648"}],"wp:term":[{"taxonomy":"category","embeddable":true,"href":"https:\/\/defrentealaverdad.com\/index.php\/wp-json\/wp\/v2\/categories?post=3648"},{"taxonomy":"post_tag","embeddable":true,"href":"https:\/\/defrentealaverdad.com\/index.php\/wp-json\/wp\/v2\/tags?post=3648"}],"curies":[{"name":"wp","href":"https:\/\/api.w.org\/{rel}","templated":true}]}}