{"id":36454,"date":"2025-01-04T15:54:14","date_gmt":"2025-01-04T15:54:14","guid":{"rendered":"https:\/\/defrentealaverdad.com\/?p=36454"},"modified":"2025-01-06T15:56:31","modified_gmt":"2025-01-06T15:56:31","slug":"abinader-sostendra-audiencia-privada-con-edmundo-gonzalez","status":"publish","type":"post","link":"https:\/\/defrentealaverdad.com\/index.php\/2025\/01\/04\/abinader-sostendra-audiencia-privada-con-edmundo-gonzalez\/","title":{"rendered":"Abinader sostendr\u00e1 audiencia privada con Edmundo Gonz\u00e1lez"},"content":{"rendered":"<p style=\"text-align: justify;\">El presidente Luis Abinader sostendr\u00e1 una audiencia privada con Edmundo Gonz\u00e1lez Urrutia, representante del Movimiento Democr\u00e1tico Venezolano, y una delegaci\u00f3n de expresidentes del Grupo IDEA, luego de participar en un acto en apoyo a la democracia en Venezuela, programado para el 9 de enero en el Palacio Nacional.<\/p>\n<p style=\"text-align: justify;\">Homero Figueroa, vocero presidencial y director de Comunicaci\u00f3n y Estrategia Gubernamental, inform\u00f3 que la visita de la comitiva internacional busca reafirmar el compromiso con los valores democr\u00e1ticos, los derechos humanos y la institucionalidad en Venezuela.<\/p>\n<p style=\"text-align: justify;\"><strong>Agenda de la audiencia privada<\/strong><\/p>\n<p style=\"text-align: justify;\">Tras el acto oficial, el presidente Abinader recibir\u00e1 en una reuni\u00f3n privada a Edmundo Gonz\u00e1lez, los expresidentes del Grupo IDEA y altos funcionarios del Gobierno dominicano. En este encuentro se discutir\u00e1n temas clave como:<\/p>\n<p style=\"text-align: justify;\">\u25aa\ufe0e La situaci\u00f3n pol\u00edtica actual en Venezuela<\/p>\n<p style=\"text-align: justify;\">\u25aa\ufe0e Los retos para fortalecer la democracia en Am\u00e9rica Latina.<\/p>\n<p style=\"text-align: justify;\">\u25aa\ufe0e Estrategias para una transici\u00f3n pol\u00edtica pac\u00edfica en el pa\u00eds sudamericano.<\/p>\n<p><strong>Acto oficial en el palacio nacional<\/strong><\/p>\n<p style=\"text-align: justify;\">El d\u00eda 9 de enero, la delegaci\u00f3n internacional ser\u00e1 recibida en el Aeropuerto Internacional de las Am\u00e9ricas por representantes del Gobierno dominicano y el Ministerio de Relaciones Exteriores. M\u00e1s tarde, participar\u00e1n en un acto en el Sal\u00f3n de Embajadores del Palacio Nacional, donde intervendr\u00e1n:<\/p>\n<p style=\"text-align: justify;\">\u2022Roberto \u00c1lvarez, ministro de Relaciones Exteriores.<\/p>\n<p style=\"text-align: justify;\">\u2022 Un expresidente del Grupo IDEA.<\/p>\n<p style=\"text-align: justify;\">\u2022 Edmundo Gonz\u00e1lez, candidato opositor venezolano.<\/p>\n<p style=\"text-align: justify;\">\u2022 Luis Abinader, presidente de la Rep\u00fablica Dominicana.<\/p>\n<p><strong>L\u00edderes presentes en la reuni\u00f3n<\/strong><\/p>\n<p style=\"text-align: justify;\">La delegaci\u00f3n del Grupo IDEA incluye destacados expresidentes y defensores de la democracia en Am\u00e9rica Latina, entre ellos:<\/p>\n<p style=\"text-align: justify;\">1. Hip\u00f3lito Mej\u00eda (Rep\u00fablica Dominicana).<\/p>\n<p style=\"text-align: justify;\">2. Jorge Quiroga (Bolivia).<\/p>\n<p style=\"text-align: justify;\">3. Laura Chinchilla (Costa Rica).<\/p>\n<p style=\"text-align: justify;\">4. Andr\u00e9s Pastrana (Colombia).<\/p>\n<p style=\"text-align: justify;\">5. Jamil Mahuad (Ecuador).<\/p>\n<p style=\"text-align: justify;\">6. Felipe Calder\u00f3n (M\u00e9xico).<\/p>\n<p style=\"text-align: justify;\">7. Vicente Fox (M\u00e9xico).<\/p>\n<p style=\"text-align: justify;\">8. Mario Abdo Ben\u00edtez (Paraguay).<\/p>\n<p style=\"text-align: justify;\">9. Asdr\u00fabal Aguiar, secretario general del Grupo IDEA.<\/p>\n<p style=\"text-align: justify;\">El Gobierno dominicano reitera su respaldo a los valores democr\u00e1ticos y su disposici\u00f3n a colaborar con iniciativas que promuevan la paz y la estabilidad en la regi\u00f3n. La audiencia privada ser\u00e1 una oportunidad clave para fortalecer los lazos de cooperaci\u00f3n y di\u00e1logo con los l\u00edderes internacionales en favor de la gobernabilidad en Venezuela.<\/p>\n<p>&nbsp;<\/p>\n<p>Fuente: Presidencia RD<\/p>\n","protected":false},"excerpt":{"rendered":"<p>El presidente Luis Abinader sostendr\u00e1 una audiencia privada con Edmundo Gonz\u00e1lez Urrutia, representante del Movimiento<\/p>\n","protected":false},"author":4,"featured_media":36455,"comment_status":"open","ping_status":"open","sticky":false,"template":"","format":"standard","meta":{"footnotes":""},"categories":[16],"tags":[],"class_list":["post-36454","post","type-post","status-publish","format-standard","has-post-thumbnail","hentry","category-internacionales"],"_links":{"self":[{"href":"https:\/\/defrentealaverdad.com\/index.php\/wp-json\/wp\/v2\/posts\/36454","targetHints":{"allow":["GET"]}}],"collection":[{"href":"https:\/\/defrentealaverdad.com\/index.php\/wp-json\/wp\/v2\/posts"}],"about":[{"href":"https:\/\/defrentealaverdad.com\/index.php\/wp-json\/wp\/v2\/types\/post"}],"author":[{"embeddable":true,"href":"https:\/\/defrentealaverdad.com\/index.php\/wp-json\/wp\/v2\/users\/4"}],"replies":[{"embeddable":true,"href":"https:\/\/defrentealaverdad.com\/index.php\/wp-json\/wp\/v2\/comments?post=36454"}],"version-history":[{"count":1,"href":"https:\/\/defrentealaverdad.com\/index.php\/wp-json\/wp\/v2\/posts\/36454\/revisions"}],"predecessor-version":[{"id":36456,"href":"https:\/\/defrentealaverdad.com\/index.php\/wp-json\/wp\/v2\/posts\/36454\/revisions\/36456"}],"wp:featuredmedia":[{"embeddable":true,"href":"https:\/\/defrentealaverdad.com\/index.php\/wp-json\/wp\/v2\/media\/36455"}],"wp:attachment":[{"href":"https:\/\/defrentealaverdad.com\/index.php\/wp-json\/wp\/v2\/media?parent=36454"}],"wp:term":[{"taxonomy":"category","embeddable":true,"href":"https:\/\/defrentealaverdad.com\/index.php\/wp-json\/wp\/v2\/categories?post=36454"},{"taxonomy":"post_tag","embeddable":true,"href":"https:\/\/defrentealaverdad.com\/index.php\/wp-json\/wp\/v2\/tags?post=36454"}],"curies":[{"name":"wp","href":"https:\/\/api.w.org\/{rel}","templated":true}]}}