{"id":36433,"date":"2025-01-04T14:10:35","date_gmt":"2025-01-04T14:10:35","guid":{"rendered":"https:\/\/defrentealaverdad.com\/?p=36433"},"modified":"2025-01-06T14:11:49","modified_gmt":"2025-01-06T14:11:49","slug":"edmundo-gonzalez-incluira-a-rd-en-su-gira-continental","status":"publish","type":"post","link":"https:\/\/defrentealaverdad.com\/index.php\/2025\/01\/04\/edmundo-gonzalez-incluira-a-rd-en-su-gira-continental\/","title":{"rendered":"Edmundo Gonz\u00e1lez incluir\u00e1 a RD en su gira continental"},"content":{"rendered":"<p style=\"text-align: justify;\"><strong>Santo Domingo,<\/strong> Rep\u00fablica Dominicana. El polit\u00f3logo Agust\u00edn Antonetti anunci\u00f3 este viernes que Edmundo Gonz\u00e1lez, quien se autoproclama presidente electo de Venezuela, visitar\u00e1 Rep\u00fablica Dominicana como parte de su gira continental previa a su asunci\u00f3n simb\u00f3lica el pr\u00f3ximo 10 de enero.<\/p>\n<p style=\"text-align: justify;\">La gira tambi\u00e9n incluye a pa\u00edses como Argentina, Uruguay, Panam\u00e1 y Estados Unidos. Gonz\u00e1lez busca afianzar apoyo internacional en medio de la crisis pol\u00edtica y social que enfrenta Venezuela tras las disputadas elecciones presidenciales del pasado 2 de agosto de 2024.<\/p>\n<p><strong>Contexto internacional<\/strong><\/p>\n<p style=\"text-align: justify;\">Varios pa\u00edses de la regi\u00f3n, reunidos en Santo Domingo, han expresado su preocupaci\u00f3n por la situaci\u00f3n en Venezuela. En una declaraci\u00f3n conjunta, instaron al respeto por los derechos humanos, la liberaci\u00f3n de los detenidos arbitrarios, y el regreso de la oficina del Alto Comisionado de las Naciones Unidas para los Derechos Humanos al pa\u00eds.<\/p>\n<p style=\"text-align: justify;\">Asimismo, la comunidad internacional ha pedido la publicaci\u00f3n y verificaci\u00f3n imparcial de las actas electorales para esclarecer los resultados, que siguen siendo motivo de controversia.<\/p>\n<p style=\"text-align: justify;\">La visita de Gonz\u00e1lez a Rep\u00fablica Dominicana podr\u00eda ser clave para consolidar apoyo en la regi\u00f3n y poner en marcha nuevas medidas para enfrentar la crisis que ha marcado el contexto pol\u00edtico venezolano en los \u00faltimos a\u00f1os.<\/p>\n<p>&nbsp;<\/p>\n<p>Fuente: EFE<\/p>\n","protected":false},"excerpt":{"rendered":"<p>Santo Domingo, Rep\u00fablica Dominicana. El polit\u00f3logo Agust\u00edn Antonetti anunci\u00f3 este viernes que Edmundo Gonz\u00e1lez, quien<\/p>\n","protected":false},"author":4,"featured_media":36434,"comment_status":"open","ping_status":"open","sticky":false,"template":"","format":"standard","meta":{"footnotes":""},"categories":[16],"tags":[],"class_list":["post-36433","post","type-post","status-publish","format-standard","has-post-thumbnail","hentry","category-internacionales"],"_links":{"self":[{"href":"https:\/\/defrentealaverdad.com\/index.php\/wp-json\/wp\/v2\/posts\/36433","targetHints":{"allow":["GET"]}}],"collection":[{"href":"https:\/\/defrentealaverdad.com\/index.php\/wp-json\/wp\/v2\/posts"}],"about":[{"href":"https:\/\/defrentealaverdad.com\/index.php\/wp-json\/wp\/v2\/types\/post"}],"author":[{"embeddable":true,"href":"https:\/\/defrentealaverdad.com\/index.php\/wp-json\/wp\/v2\/users\/4"}],"replies":[{"embeddable":true,"href":"https:\/\/defrentealaverdad.com\/index.php\/wp-json\/wp\/v2\/comments?post=36433"}],"version-history":[{"count":1,"href":"https:\/\/defrentealaverdad.com\/index.php\/wp-json\/wp\/v2\/posts\/36433\/revisions"}],"predecessor-version":[{"id":36435,"href":"https:\/\/defrentealaverdad.com\/index.php\/wp-json\/wp\/v2\/posts\/36433\/revisions\/36435"}],"wp:featuredmedia":[{"embeddable":true,"href":"https:\/\/defrentealaverdad.com\/index.php\/wp-json\/wp\/v2\/media\/36434"}],"wp:attachment":[{"href":"https:\/\/defrentealaverdad.com\/index.php\/wp-json\/wp\/v2\/media?parent=36433"}],"wp:term":[{"taxonomy":"category","embeddable":true,"href":"https:\/\/defrentealaverdad.com\/index.php\/wp-json\/wp\/v2\/categories?post=36433"},{"taxonomy":"post_tag","embeddable":true,"href":"https:\/\/defrentealaverdad.com\/index.php\/wp-json\/wp\/v2\/tags?post=36433"}],"curies":[{"name":"wp","href":"https:\/\/api.w.org\/{rel}","templated":true}]}}