{"id":3637,"date":"2023-02-10T15:37:00","date_gmt":"2023-02-10T15:37:00","guid":{"rendered":"https:\/\/defrentealaverdad.com\/?p=3637"},"modified":"2023-02-10T15:43:01","modified_gmt":"2023-02-10T15:43:01","slug":"rod-stewart-la-leyenda-mundial-cantara-a-los-dominicanos-por-primera-vez","status":"publish","type":"post","link":"https:\/\/defrentealaverdad.com\/index.php\/2023\/02\/10\/rod-stewart-la-leyenda-mundial-cantara-a-los-dominicanos-por-primera-vez\/","title":{"rendered":"Rod Stewart: la leyenda mundial cantar\u00e1 a los dominicanos por primera vez"},"content":{"rendered":"<header class=\"xl:ml-12 xl:pl-1 lg:ml-10 lg:pl-0 md:ml-12 md:pl-1 mb-4\">\n<div class=\"subtitle text-xl mb-4\">\n<p><img decoding=\"async\" data-src=\"https:\/\/resources.diariolibre.com\/images\/2023\/02\/09\/download-9-10a0690f-focus-min0.01-0.37-895-573.jpg\" alt=\"Rod Stewart: la leyenda mundial cantar\u00e1 a los dominicanos por primera vez\" width=\"650\" height=\"416\" src=\"data:image\/svg+xml;base64,PHN2ZyB3aWR0aD0iMSIgaGVpZ2h0PSIxIiB4bWxucz0iaHR0cDovL3d3dy53My5vcmcvMjAwMC9zdmciPjwvc3ZnPg==\" class=\"lazyload\" style=\"--smush-placeholder-width: 650px; --smush-placeholder-aspect-ratio: 650\/416;\" \/><\/p>\n<p class=\"flex mb-2\" style=\"text-align: justify;\">El cantautor prometi\u00f3 que e cantar\u00e1 todas esas canciones que los dominicanos han disfrutado durante d\u00e9cadas<\/p>\n<p class=\"flex mb-2\" style=\"text-align: justify;\">Un artista tan emblem\u00e1tico como <strong>Rod Stewart\u00a0<\/strong>merece un escenario de la misma envergadura. Es as\u00ed como los astros se alinearon y este s\u00e1bado el m\u00fasico, compositor y productor brit\u00e1nico de rock pisar\u00e1 las piedras de Altos de Chav\u00f3n para cantar sus \u00e9xitos.<\/p>\n<p class=\"flex mb-2\" style=\"text-align: justify;\">Con una producci\u00f3n de alta dimensi\u00f3n preparada por SD Concerts, la leyenda de la <strong>m\u00fasica<\/strong> llega como parte de una gira que lleva por varios pa\u00edses y en la cual, esta vez, incluy\u00f3 a la Rep\u00fablica Dominicana y Puerto Rico.<\/p>\n<p class=\"flex mb-2\" style=\"text-align: justify;\">Stewart prometi\u00f3 que esa noche cantar\u00e1 todas esas canciones que los dominicanos han disfrutado durante d\u00e9cadas.<\/p>\n<p class=\"flex mb-2\" style=\"text-align: justify;\">Y no puede ser de otra manera, porque disfruta de cada una de sus composiciones.<\/p>\n<p class=\"flex mb-2\" style=\"text-align: justify;\">Tambi\u00e9n resalt\u00f3 que quiere recorrer algunos lugares del pa\u00eds y, de hecho, lo har\u00e1 en compa\u00f1\u00eda de su nieta, que es de nacionalidad puertorrique\u00f1a.<\/p>\n<p class=\"flex mb-2\" style=\"text-align: justify;\">\u201cEn este concierto que har\u00e9, demostrar\u00e9 que a pesar de todo lo que pasa en el mundo, la <strong>m\u00fasica<\/strong> sana y nos une, y que esta es la mejor manera de sanar\u201d, dijo en entrevista con la estaci\u00f3n 91.<\/p>\n<p class=\"flex mb-2\" style=\"text-align: justify;\">La leyenda brit\u00e1nica est\u00e1 muy contenta de venir al pa\u00eds y presentarse en un pa\u00eds tropical, donde adem\u00e1s disfrutar\u00e1 del sol. Saymon D\u00edaz, productor del evento, coment\u00f3 que es de gran alegr\u00eda y placer para \u00e9l poder traer a tierra dominicana a una estrella de la dimensi\u00f3n de Stewart, un artista aclamado por el mundo entero.<\/p>\n<p class=\"flex mb-2\" style=\"text-align: justify;\">Durante cinco d\u00e9cadas, <strong>Rod Stewart<\/strong> ha tenido poco acercamiento con la industria musical latinoamericana, solo en 2014 se present\u00f3 en Las Vegas junto al guitarrista mexicano Carlos Santana, con el tema \u201cI\u2019d Rather Go Blind\u201d.<\/p>\n<p class=\"flex mb-2\" style=\"text-align: justify;\"><strong>Rod Stewart<\/strong> fue un futbolista talentoso, fan del Arsenal FC. Se convirti\u00f3 en capit\u00e1n del equipo de f\u00fatbol de la escuela y jug\u00f3 para el Middlesex Schoolboys como medio centro.<\/p>\n<p class=\"flex mb-2\" style=\"text-align: justify;\">Hasta que en 1960 se uni\u00f3 a un grupo con compa\u00f1eros de colegio llamado Kool Kats.<\/p>\n<p class=\"flex mb-2\" style=\"text-align: justify;\"><strong>Rod Stewart<\/strong> ha vendido m\u00e1s de 250 millones de discos durante su carrera, que incluye diez \u00e1lbumes n\u00famero 1 y 26 sencillos Top 10 en el Reino Unido; adem\u00e1s de 17 \u00e1lbumes Top 10 y 16 sencillos Top 10 en los Estados Unidos.<\/p>\n<p class=\"flex mb-2\" style=\"text-align: justify;\">Como cantautor, su lista de \u00e9xitos incluyen canciones como Gasoline Alley, Every picture tells a story, Tonight\u2019s the Night, You\u2019re in my heart, Mandolin wind, You wear it well, The killing of Georgie, \u00bfDa ya think i\u2019m sexy?, Young turks, Forever young, Hot legs, Infatuation, Maggie may, entre otros.<\/p>\n<p class=\"flex mb-2\" style=\"text-align: justify;\"><strong>Sobre el show<\/strong><\/p>\n<p class=\"flex mb-2\" style=\"text-align: justify;\">Bajo la producci\u00f3n de SD Concerts y Live Nation, esta velada sin precedentes vendr\u00e1 acompa\u00f1ada de los \u00e9xitos de uno de los artistas con mayores r\u00e9cords de ventas de todos los tiempos y en un escenario como el anfiteatro de Chav\u00f3n, inaugurado con Frank Sinatra y Carlos Santana en 1982. \u201cLuego de a\u00f1os sin presentar un show en Chav\u00f3n, ten\u00edamos que volver en grande\u201d, manifest\u00f3 Saymon D\u00edaz, presidente de la compa\u00f1\u00eda productora. \u201cY si hay que hablar de grandes \u00bfqui\u00e9n m\u00e1s de la talla de\u00a0<strong>Rod Stewart<\/strong>?, dijo.<\/p>\n<p class=\"flex mb-2\" style=\"text-align: justify;\">Asimismo, D\u00edaz se refiri\u00f3 a la ac\u00fastica, la visibilidad desde todos los \u00e1ngulos y la m\u00e1gica atm\u00f3sfera que se respira en este m\u00edtico escenario romanense, al que muchos definen como el mejor lugar para disfrutar de un concierto en Rep\u00fablica Dominicana.<\/p>\n<p class=\"flex mb-2\" style=\"text-align: justify;\">Para lograr la m\u00e1xima comodidad de los asistentes, SD Concerts tambi\u00e9n ha tomado la decisi\u00f3n de vender menos entradas que la m\u00e1xima capacidad autorizada por el anfiteatro.<\/p>\n<p class=\"flex mb-2\" style=\"text-align: justify;\"><strong>Precios de las entradas<\/strong><\/p>\n<p class=\"flex mb-2\" style=\"text-align: justify;\">Special Guest (US$820) $42,500 VIP (US$385) RD$20,000 General Seating 2 (US$145) RD$7,500 General Seating 1 (US$145) RD$7,500 El concierto se realizar\u00e1 este s\u00e1bado 11 de febrero del 2023, 8:30 de la noche en Altos de Chav\u00f3n, Casa de Campo Resort and Villas, La Romana.Entradas a la venta en \u201ctuboleta.com.do\u201d. Es realizado bajo la pro<\/p>\n<\/div>\n<\/header>\n<p style=\"text-align: justify;\">Fuente: Diario Libre<\/p>\n","protected":false},"excerpt":{"rendered":"<p>El cantautor prometi\u00f3 que e cantar\u00e1 todas esas canciones que los dominicanos han disfrutado durante<\/p>\n","protected":false},"author":1,"featured_media":0,"comment_status":"open","ping_status":"open","sticky":false,"template":"","format":"standard","meta":{"footnotes":""},"categories":[6,7],"tags":[],"class_list":["post-3637","post","type-post","status-publish","format-standard","hentry","category-espectaculos","category-nacionales"],"_links":{"self":[{"href":"https:\/\/defrentealaverdad.com\/index.php\/wp-json\/wp\/v2\/posts\/3637","targetHints":{"allow":["GET"]}}],"collection":[{"href":"https:\/\/defrentealaverdad.com\/index.php\/wp-json\/wp\/v2\/posts"}],"about":[{"href":"https:\/\/defrentealaverdad.com\/index.php\/wp-json\/wp\/v2\/types\/post"}],"author":[{"embeddable":true,"href":"https:\/\/defrentealaverdad.com\/index.php\/wp-json\/wp\/v2\/users\/1"}],"replies":[{"embeddable":true,"href":"https:\/\/defrentealaverdad.com\/index.php\/wp-json\/wp\/v2\/comments?post=3637"}],"version-history":[{"count":4,"href":"https:\/\/defrentealaverdad.com\/index.php\/wp-json\/wp\/v2\/posts\/3637\/revisions"}],"predecessor-version":[{"id":3642,"href":"https:\/\/defrentealaverdad.com\/index.php\/wp-json\/wp\/v2\/posts\/3637\/revisions\/3642"}],"wp:attachment":[{"href":"https:\/\/defrentealaverdad.com\/index.php\/wp-json\/wp\/v2\/media?parent=3637"}],"wp:term":[{"taxonomy":"category","embeddable":true,"href":"https:\/\/defrentealaverdad.com\/index.php\/wp-json\/wp\/v2\/categories?post=3637"},{"taxonomy":"post_tag","embeddable":true,"href":"https:\/\/defrentealaverdad.com\/index.php\/wp-json\/wp\/v2\/tags?post=3637"}],"curies":[{"name":"wp","href":"https:\/\/api.w.org\/{rel}","templated":true}]}}