{"id":36295,"date":"2024-12-30T17:35:12","date_gmt":"2024-12-30T17:35:12","guid":{"rendered":"https:\/\/defrentealaverdad.com\/?p=36295"},"modified":"2025-01-04T17:36:32","modified_gmt":"2025-01-04T17:36:32","slug":"romeo-santos-agradece-el-exito-de-sus-conciertos-en-rd-y-se-prepara-para-el-cierre-definitivo-de-aventura","status":"publish","type":"post","link":"https:\/\/defrentealaverdad.com\/index.php\/2024\/12\/30\/romeo-santos-agradece-el-exito-de-sus-conciertos-en-rd-y-se-prepara-para-el-cierre-definitivo-de-aventura\/","title":{"rendered":"Romeo Santos agradece el \u00e9xito de sus conciertos en RD y se prepara para el cierre definitivo de Aventura"},"content":{"rendered":"<p style=\"text-align: justify;\">El \u201cRey de la Bachata\u201d, Romeo Santos, expres\u00f3 su gratitud hacia el p\u00fablico dominicano y las invitadas especiales que lo acompa\u00f1aron en las tres de las cuatro noches hist\u00f3ricas de conciertos de Aventura en el Estadio Ol\u00edmpico F\u00e9lix S\u00e1nchez. A trav\u00e9s de sus redes sociales, Romeo comparti\u00f3 un emotivo mensaje:<\/p>\n<blockquote>\n<p style=\"text-align: justify;\">\u201cGracias por la energ\u00eda, sus aplausos y sus ovaciones en 3\/4 noches magistrales. Gracias a nuestra reina del merengue @milly_quezada, a la dura de las duras @nattinatasha y la sensacional @yailinlamasviral\u201d, escribi\u00f3, acompa\u00f1ado de emojis de coraz\u00f3n y agradecimiento.<\/p>\n<\/blockquote>\n<p style=\"text-align: justify;\">Las presentaciones, que han sido aclamadas como un espect\u00e1culo inolvidable, contaron con la participaci\u00f3n de grandes figuras femeninas de la m\u00fasica latina. Milly Quezada, la legendaria \u201cReina del Merengue\u201d, deslumbr\u00f3 al p\u00fablico, mientras que Natti Natasha y Yailin \u201cLa M\u00e1s Viral\u201d pusieron su sello urbano y caribe\u00f1o, gan\u00e1ndose los aplausos de los asistentes.<\/p>\n<p style=\"text-align: justify;\">Romeo tambi\u00e9n record\u00f3 a sus fan\u00e1ticos que el pr\u00f3ximo 5 de enero marcar\u00e1 el cierre definitivo del ciclo de Aventura con un \u00faltimo concierto en Rep\u00fablica Dominicana. El espect\u00e1culo, parte de la gira Cerrando Ciclos, promete ser un evento hist\u00f3rico para despedir a una de las bandas m\u00e1s ic\u00f3nicas de la m\u00fasica latina.<\/p>\n<p>&nbsp;<\/p>\n<p>Fuente: Redes Sociales RS<\/p>\n","protected":false},"excerpt":{"rendered":"<p>El \u201cRey de la Bachata\u201d, Romeo Santos, expres\u00f3 su gratitud hacia el p\u00fablico dominicano y<\/p>\n","protected":false},"author":1,"featured_media":36296,"comment_status":"open","ping_status":"open","sticky":false,"template":"","format":"standard","meta":{"footnotes":""},"categories":[249],"tags":[],"class_list":["post-36295","post","type-post","status-publish","format-standard","has-post-thumbnail","hentry","category-farandula"],"_links":{"self":[{"href":"https:\/\/defrentealaverdad.com\/index.php\/wp-json\/wp\/v2\/posts\/36295","targetHints":{"allow":["GET"]}}],"collection":[{"href":"https:\/\/defrentealaverdad.com\/index.php\/wp-json\/wp\/v2\/posts"}],"about":[{"href":"https:\/\/defrentealaverdad.com\/index.php\/wp-json\/wp\/v2\/types\/post"}],"author":[{"embeddable":true,"href":"https:\/\/defrentealaverdad.com\/index.php\/wp-json\/wp\/v2\/users\/1"}],"replies":[{"embeddable":true,"href":"https:\/\/defrentealaverdad.com\/index.php\/wp-json\/wp\/v2\/comments?post=36295"}],"version-history":[{"count":1,"href":"https:\/\/defrentealaverdad.com\/index.php\/wp-json\/wp\/v2\/posts\/36295\/revisions"}],"predecessor-version":[{"id":36297,"href":"https:\/\/defrentealaverdad.com\/index.php\/wp-json\/wp\/v2\/posts\/36295\/revisions\/36297"}],"wp:featuredmedia":[{"embeddable":true,"href":"https:\/\/defrentealaverdad.com\/index.php\/wp-json\/wp\/v2\/media\/36296"}],"wp:attachment":[{"href":"https:\/\/defrentealaverdad.com\/index.php\/wp-json\/wp\/v2\/media?parent=36295"}],"wp:term":[{"taxonomy":"category","embeddable":true,"href":"https:\/\/defrentealaverdad.com\/index.php\/wp-json\/wp\/v2\/categories?post=36295"},{"taxonomy":"post_tag","embeddable":true,"href":"https:\/\/defrentealaverdad.com\/index.php\/wp-json\/wp\/v2\/tags?post=36295"}],"curies":[{"name":"wp","href":"https:\/\/api.w.org\/{rel}","templated":true}]}}