{"id":3629,"date":"2023-02-09T13:04:22","date_gmt":"2023-02-09T13:04:22","guid":{"rendered":"https:\/\/defrentealaverdad.com\/?p=3629"},"modified":"2023-02-10T13:06:12","modified_gmt":"2023-02-10T13:06:12","slug":"obras-publicas-informa-que-la-averia-que-afecta-al-tunel-de-la-ortega-y-gasset-no-representa-peligro-para-el-transito-vehicular","status":"publish","type":"post","link":"https:\/\/defrentealaverdad.com\/index.php\/2023\/02\/09\/obras-publicas-informa-que-la-averia-que-afecta-al-tunel-de-la-ortega-y-gasset-no-representa-peligro-para-el-transito-vehicular\/","title":{"rendered":"Obras P\u00fablicas informa que la aver\u00eda que afecta al t\u00fanel de la Ortega y Gasset no representa peligro para el tr\u00e1nsito vehicular"},"content":{"rendered":"<p style=\"text-align: justify;\">Restablece el tr\u00e1nsito por ese viaducto, que comunica la avenida Ortega y Gasset con la Correa y Cidr\u00f3n.<\/p>\n<p style=\"text-align: justify;\"><img decoding=\"async\" class=\"aligncenter lazyload\" data-src=\"https:\/\/blogger.googleusercontent.com\/img\/b\/R29vZ2xl\/AVvXsEj5ui0GKQjxH6yhDwV7IiW3Sev5ne3Qb80aWBM4NfgbDqYOEULpLzsT6iHm6x5AdlZXAzSyI9hh4Jdz5kOU0P_Brc3pUFgSjrVyPtDncxhoKdG7SLAdGDBiD4HKI9DtbvTbZjyIOgsB_HbgbAyC7qcbD3GDnCZcUbkTXtUVXxLulQX1qjassS-JkmMz\/w400-h266\/IMG-20230209-WA0209.jpg\" src=\"data:image\/svg+xml;base64,PHN2ZyB3aWR0aD0iMSIgaGVpZ2h0PSIxIiB4bWxucz0iaHR0cDovL3d3dy53My5vcmcvMjAwMC9zdmciPjwvc3ZnPg==\" \/><\/p>\n<p style=\"text-align: justify;\">El Ministerio de Obras P\u00fablicas y Comunicaciones (MOPC) inform\u00f3 que el tr\u00e1nsito vehicular por el t\u00fanel Ortega y Gasset-UASD ha sido restablecido, debido a que se comprob\u00f3 que la aver\u00eda que present\u00f3 no representa peligro para el tr\u00e1nsito vehicular.<\/p>\n<p style=\"text-align: justify;\">El ingeniero Lorenzo Herasme, director de Mantenimiento de T\u00faneles y Pasos a Desnivel del MOPC, dijo que en los pr\u00f3ximos d\u00edas se llevar\u00e1 a cabo un encofrado para hacerle una reparaci\u00f3n a los da\u00f1os ocasionados por una filtraci\u00f3n a causa de una perforaci\u00f3n, cuyo origen se est\u00e1 investigando.<\/p>\n<p style=\"text-align: justify;\">Asegur\u00f3 que la estructura no presenta peligro para la ciudadan\u00eda que por all\u00ed se desplaza, ya que la misma es una de las obras m\u00e1s seguras que tiene el pa\u00eds.<\/p>\n<p style=\"text-align: justify;\">\u201cEl t\u00fanel no representa ning\u00fan problema estructural, pueden transitar sin ninguna preocupaci\u00f3n, este es uno de los t\u00faneles m\u00e1s seguros ahora mismo de los que han sido construidos\u201d, dijo.<\/p>\n<p style=\"text-align: justify;\">Herasme dio estas declaraciones en una visita de supervisi\u00f3n junto a t\u00e9cnicos de las empresas telef\u00f3nicas Claro y Altice, para verificar que lo ocurrido en d\u00edas pasados del desprendimiento de material no haya afectado las l\u00edneas telef\u00f3nicas.<\/p>\n<p style=\"text-align: justify;\">Herasme estuvo acompa\u00f1ado de Juan Encarnaci\u00f3n, encargado t\u00e9cnico de T\u00faneles y Pasos a Desnivel; Sulis Pe\u00f1a, de Supervisi\u00f3n y Fiscalizaci\u00f3n de Obras, Teodiceo del Rosario, supervisor de Mantenimiento de T\u00faneles y Pasos a Desnivel.<\/p>\n<p style=\"text-align: justify;\">\n<p style=\"text-align: justify;\">Fuente: Direcci\u00f3n de Comunicaciones y Prensa MOPC<\/p>\n","protected":false},"excerpt":{"rendered":"<p>Restablece el tr\u00e1nsito por ese viaducto, que comunica la avenida Ortega y Gasset con la<\/p>\n","protected":false},"author":1,"featured_media":0,"comment_status":"open","ping_status":"open","sticky":false,"template":"","format":"standard","meta":{"footnotes":""},"categories":[7],"tags":[],"class_list":["post-3629","post","type-post","status-publish","format-standard","hentry","category-nacionales"],"_links":{"self":[{"href":"https:\/\/defrentealaverdad.com\/index.php\/wp-json\/wp\/v2\/posts\/3629","targetHints":{"allow":["GET"]}}],"collection":[{"href":"https:\/\/defrentealaverdad.com\/index.php\/wp-json\/wp\/v2\/posts"}],"about":[{"href":"https:\/\/defrentealaverdad.com\/index.php\/wp-json\/wp\/v2\/types\/post"}],"author":[{"embeddable":true,"href":"https:\/\/defrentealaverdad.com\/index.php\/wp-json\/wp\/v2\/users\/1"}],"replies":[{"embeddable":true,"href":"https:\/\/defrentealaverdad.com\/index.php\/wp-json\/wp\/v2\/comments?post=3629"}],"version-history":[{"count":2,"href":"https:\/\/defrentealaverdad.com\/index.php\/wp-json\/wp\/v2\/posts\/3629\/revisions"}],"predecessor-version":[{"id":3631,"href":"https:\/\/defrentealaverdad.com\/index.php\/wp-json\/wp\/v2\/posts\/3629\/revisions\/3631"}],"wp:attachment":[{"href":"https:\/\/defrentealaverdad.com\/index.php\/wp-json\/wp\/v2\/media?parent=3629"}],"wp:term":[{"taxonomy":"category","embeddable":true,"href":"https:\/\/defrentealaverdad.com\/index.php\/wp-json\/wp\/v2\/categories?post=3629"},{"taxonomy":"post_tag","embeddable":true,"href":"https:\/\/defrentealaverdad.com\/index.php\/wp-json\/wp\/v2\/tags?post=3629"}],"curies":[{"name":"wp","href":"https:\/\/api.w.org\/{rel}","templated":true}]}}