{"id":36286,"date":"2024-12-31T17:25:51","date_gmt":"2024-12-31T17:25:51","guid":{"rendered":"https:\/\/defrentealaverdad.com\/?p=36286"},"modified":"2025-01-04T17:27:39","modified_gmt":"2025-01-04T17:27:39","slug":"juez-argentino-ordena-captura-del-presidente-nicaraguense-ortega-por-violacion-de-ddhh","status":"publish","type":"post","link":"https:\/\/defrentealaverdad.com\/index.php\/2024\/12\/31\/juez-argentino-ordena-captura-del-presidente-nicaraguense-ortega-por-violacion-de-ddhh\/","title":{"rendered":"Juez argentino ordena captura del presidente nicarag\u00fcense Ortega por violaci\u00f3n de DDHH"},"content":{"rendered":"<p style=\"text-align: justify;\"><strong>Buenos Aires,<\/strong> Argentina.- Un juez argentino orden\u00f3 la captura internacional del presidente de Nicaragua, Daniel Ortega, y su esposa Rosario Murillo por la \u201cviolaci\u00f3n sistem\u00e1tica de derechos humanos\u201d, inform\u00f3 este lunes el abogado que radic\u00f3 la denuncia.<\/p>\n<p style=\"text-align: justify;\">\u201cEl juez federal Ariel Lijo resolvi\u00f3 la citaci\u00f3n a prestar declaraci\u00f3n indagatoria y la orden de detenci\u00f3n con pedido de captura internacional de Daniel Ortega y Rosario Murillo\u201d, dijo el abogado Dar\u00edo Richarte a la AFP, al detallar que el caso se fundamenta en el principio de jurisdicci\u00f3n universal que permite a los pa\u00edses procesar cr\u00edmenes de lesa humanidad independientemente de d\u00f3nde se hayan cometido.<\/p>\n<blockquote>\n<p style=\"text-align: justify;\">El gobierno de Ortega y su esposa \u201ces tal vez la dictadura m\u00e1s sangrienta que ha existido en el continente\u201d, a\u00f1adi\u00f3 Richarte.<\/p>\n<\/blockquote>\n<p style=\"text-align: justify;\">Los cr\u00edmenes de los que son acusados \u200b\u200bincluyen \u201casesinato, privaci\u00f3n grave de la libertad, desaparici\u00f3n forzada de personas, tortura, deportaci\u00f3n o traslado forzoso de poblaci\u00f3n y persecuci\u00f3n de un grupo o colectividad\u201d.<\/p>\n<blockquote>\n<p style=\"text-align: justify;\">Tambi\u00e9n tienen orden de captura \u201ccada uno de los responsables de la estructura estatal, policial, militar y paramilitar, por cr\u00edmenes de lesa humanidad\u201d, agreg\u00f3.<\/p>\n<\/blockquote>\n<p style=\"text-align: justify;\">La denuncia detalla el contexto social y pol\u00edtico que atraviesa Nicaragua desde abril de 2018, identifica etapas que conforman lo que se califica como \u201cplan criminal de represi\u00f3n\u201d y cuenta con el testimonio de v\u00edctimas bajo reserva de identidad.<\/p>\n<p style=\"text-align: justify;\">La acci\u00f3n fue presentada ante los Tribunales Federales de la capital argentina el 26 de agosto de 2022 por un grupo de profesores de la Universidad de Buenos Aires dirigido por Richarte y con apoyo de alumnos de la carrera de Derecho.<\/p>\n<p style=\"text-align: justify;\">Desde entonces fue ampliada siete veces para agregar las presuntas complicidades de actores como la Polic\u00eda Nacional y el Poder Judicial, el ataque a la libertad de expresi\u00f3n con el cierre de medios y ONG de l\u00ednea opositora y la \u201cmigraci\u00f3n intencionada y organizada\u201d, entre otras acusaci\u00f3n.<\/p>\n<p style=\"text-align: justify;\">La acci\u00f3n judicial \u201cse fue ampliando a medida que la dictadura iba cometiendo nuevas violaciones de derechos humanos\u201d, coment\u00f3 Richarte.<\/p>\n<p style=\"text-align: justify;\">\u2013 <strong>Jurisdicci\u00f3n universal \u2013<\/strong><\/p>\n<p style=\"text-align: justify;\">El Congreso de Nicaragua, totalmente oficialista, aprob\u00f3 el 22 de noviembre una reforma constitucional que otorga a Ortega y Murillo un control absoluto de los poderes del Estado.<\/p>\n<p style=\"text-align: justify;\">La reforma ampli\u00f3 el mandato presidencial de cinco a seis a\u00f1os y confirm\u00f3 el poder que ya ten\u00eda Murillo, quien pas\u00f3 entonces de vicepresidenta a \u201ccopresidenta\u201d.<\/p>\n<p style=\"text-align: justify;\">El texto concede adem\u00e1s un poder total al Ejecutivo pues establece que los copresidentes coordinar\u00e1n \u201ca los \u00f3rganos legislativo, judicial, electoral, de control y fiscalizaci\u00f3n, regionales y municipales\u201d, que antes la Constituci\u00f3n reconoc\u00eda como independientes.<\/p>\n<p style=\"text-align: justify;\">Entre febrero de 2023 y septiembre de 2024, la Justicia de Nicaragua priv\u00f3 de la nacionalidad a m\u00e1s de 400 opositores al gobierno de Ortega, muchos de ellos pol\u00edticos presos luego deportados y otros previamente exiliados.<\/p>\n<p style=\"text-align: justify;\">Entre ellos se encuentra la escritora Gioconda Belli o el escritor y Premio Cervantes Sergio Ram\u00edrez, quien fue vicepresidente del gobierno sandinista (1985-1990) y es hoy cr\u00edtico<\/p>\n<p style=\"text-align: justify;\">Ortega, exguerrillero de 79 a\u00f1os que gobern\u00f3 Nicaragua en la d\u00e9cada de 1980 tras el triunfo de la revoluci\u00f3n sandinista, volvi\u00f3 al poder en 2007. Desde entonces, se\u00f1alan sus cr\u00edticos, ha instaurado una \u201cdictadura\u201d y el \u201cnepotismo\u201d junto a su esposa. , seis a\u00f1os menores.<\/p>\n<p style=\"text-align: justify;\">La justicia argentina aplic\u00f3 recientemente el principio de jurisdicci\u00f3n universal cuando se emiti\u00f3 en septiembre una orden de captura contra el presidente venezolano, Nicol\u00e1s Maduro, y su segundo al mando, Diosdado Cabello, por cr\u00edmenes de lesa humanidad.<\/p>\n<p style=\"text-align: justify;\">Lo invoc\u00f3 tambi\u00e9n en 2010, cuando abri\u00f3 un caso por cr\u00edmenes de lesa humanidad cometidos en Espa\u00f1a durante el mandato de Francisco Franco, y en 2021, al abrir una investigaci\u00f3n sobre las acusaciones por parte de birmanos contra la minor\u00eda musulmana.<\/p>\n<p style=\"text-align: justify;\">Otro antecedente c\u00e9lebre de la aplicaci\u00f3n de este principio ocurri\u00f3 cuando, en 1998, el exdictador chileno Augusto Pinochet fue detenido en Londres tras una orden del juez espa\u00f1ol Baltasar Garz\u00f3n.<\/p>\n<p>Fuente: Agencia France-Presse<\/p>\n<p style=\"text-align: justify;\">\n","protected":false},"excerpt":{"rendered":"<p>Buenos Aires, Argentina.- Un juez argentino orden\u00f3 la captura internacional del presidente de Nicaragua, Daniel<\/p>\n","protected":false},"author":4,"featured_media":36285,"comment_status":"open","ping_status":"open","sticky":false,"template":"","format":"standard","meta":{"footnotes":""},"categories":[16],"tags":[],"class_list":["post-36286","post","type-post","status-publish","format-standard","has-post-thumbnail","hentry","category-internacionales"],"_links":{"self":[{"href":"https:\/\/defrentealaverdad.com\/index.php\/wp-json\/wp\/v2\/posts\/36286","targetHints":{"allow":["GET"]}}],"collection":[{"href":"https:\/\/defrentealaverdad.com\/index.php\/wp-json\/wp\/v2\/posts"}],"about":[{"href":"https:\/\/defrentealaverdad.com\/index.php\/wp-json\/wp\/v2\/types\/post"}],"author":[{"embeddable":true,"href":"https:\/\/defrentealaverdad.com\/index.php\/wp-json\/wp\/v2\/users\/4"}],"replies":[{"embeddable":true,"href":"https:\/\/defrentealaverdad.com\/index.php\/wp-json\/wp\/v2\/comments?post=36286"}],"version-history":[{"count":1,"href":"https:\/\/defrentealaverdad.com\/index.php\/wp-json\/wp\/v2\/posts\/36286\/revisions"}],"predecessor-version":[{"id":36287,"href":"https:\/\/defrentealaverdad.com\/index.php\/wp-json\/wp\/v2\/posts\/36286\/revisions\/36287"}],"wp:featuredmedia":[{"embeddable":true,"href":"https:\/\/defrentealaverdad.com\/index.php\/wp-json\/wp\/v2\/media\/36285"}],"wp:attachment":[{"href":"https:\/\/defrentealaverdad.com\/index.php\/wp-json\/wp\/v2\/media?parent=36286"}],"wp:term":[{"taxonomy":"category","embeddable":true,"href":"https:\/\/defrentealaverdad.com\/index.php\/wp-json\/wp\/v2\/categories?post=36286"},{"taxonomy":"post_tag","embeddable":true,"href":"https:\/\/defrentealaverdad.com\/index.php\/wp-json\/wp\/v2\/tags?post=36286"}],"curies":[{"name":"wp","href":"https:\/\/api.w.org\/{rel}","templated":true}]}}