{"id":36251,"date":"2025-01-03T21:54:00","date_gmt":"2025-01-03T21:54:00","guid":{"rendered":"https:\/\/defrentealaverdad.com\/?p=36251"},"modified":"2025-01-03T21:54:00","modified_gmt":"2025-01-03T21:54:00","slug":"dominicanos-del-exterior-en-rd-celebran-encuentro-navideno-roberto-fulcar-fue-invitado-especial","status":"publish","type":"post","link":"https:\/\/defrentealaverdad.com\/index.php\/2025\/01\/03\/dominicanos-del-exterior-en-rd-celebran-encuentro-navideno-roberto-fulcar-fue-invitado-especial\/","title":{"rendered":"Dominicanos del Exterior en RD celebran encuentro navide\u00f1o; Roberto Fulcar fue invitado especial"},"content":{"rendered":"<p style=\"text-align: justify;\"><strong>SANTO DOMINGO.-<\/strong> El colectivo Dominicanos del Exterior en la Rep\u00fablica Dominicana celebr\u00f3 un encuentro navide\u00f1o de confraternidad, en el cual reuni\u00f3 m\u00e1s de 100 personas en Club del Ministerio de Obras P\u00fablicas, el pasado 29 de diciembre del 2024, donde el doctor Roberto Fulcar, ministro de Estado sin Cartera, fungi\u00f3 como orador principal.<\/p>\n<p style=\"text-align: justify;\">En su intervenci\u00f3n, Fulcar, presidente de la Comisi\u00f3n de Estrategias del Partido Revolucionarios Moderno (PRM), esboz\u00f3 los retos y desaf\u00edos de esa organizaci\u00f3n pol\u00edtica oficialista.<\/p>\n<p style=\"text-align: justify;\">Las palabras de bienvenida de la actividad estuvieron a cargo de Dar\u00edo Mad\u00e9 y de la presentaci\u00f3n de la nota biogr\u00e1fica de Fulcar se encarg\u00f3 Angelita Soto.<\/p>\n<p style=\"text-align: justify;\">En la clausura del acto, Bol\u00edvar Veras manifest\u00f3 su agradecimiento a Roberto Fulcar por el apoyo a los Dominicanos del Exterior desde su cargo de ministro de Educaci\u00f3n.<\/p>\n<p style=\"text-align: justify;\">Este encuentro fue coordinado por el Comit\u00e9 Operativo de los Dominicanos del Exterior, integrado por Dar\u00edo Mad\u00e9, Antonio Reynoso (Padre To\u00f1o), Angelita Soto, Nelson Castillo, Bolivar Veras, Ram\u00f3n Castillo, Teresa D\u00edaz Nolasco, Bienvenido B\u00e1ez, Miriam Mart\u00ednez y Rolando Garc\u00eda.<\/p>\n<p style=\"text-align: justify;\">Este equipo de trabajo reafirma su compromiso con el PRM e invita a los perreme\u00edstas a continuar siendo parte del cambio positivo de la gest\u00f3n de Gobierno del presidente Luis Abinader.<\/p>\n<p style=\"text-align: justify;\">En esta actividad stuvieron presentes dirigentes del PRM radicados en las diferentes circunscripciones del exterior, entre ellos: Carlos N\u00fa\u00f1ez, presidente en Madrid; Rosanna Rodr\u00edguez Garc\u00eda, presidenta en Costa Rica; Gisela L\u00f3pez, secretaria de Educaci\u00f3n en Atl\u00e1ntic City, Nueva Jersey; Manuel Santana, coordinador en Florida; Francisco Pl\u00e1cido, secretario general en Masachusett; Mariluz Ferm\u00edn, vicepresidenta en Nueva York; Clara Polanco, vicec\u00f3nsul en Suiza, entre otros.<\/p>\n<p>Fuente: Robinson Castro<\/p>\n","protected":false},"excerpt":{"rendered":"<p>SANTO DOMINGO.- El colectivo Dominicanos del Exterior en la Rep\u00fablica Dominicana celebr\u00f3 un encuentro navide\u00f1o<\/p>\n","protected":false},"author":1,"featured_media":36252,"comment_status":"open","ping_status":"open","sticky":false,"template":"","format":"standard","meta":{"footnotes":""},"categories":[12],"tags":[],"class_list":["post-36251","post","type-post","status-publish","format-standard","has-post-thumbnail","hentry","category-politicas"],"_links":{"self":[{"href":"https:\/\/defrentealaverdad.com\/index.php\/wp-json\/wp\/v2\/posts\/36251","targetHints":{"allow":["GET"]}}],"collection":[{"href":"https:\/\/defrentealaverdad.com\/index.php\/wp-json\/wp\/v2\/posts"}],"about":[{"href":"https:\/\/defrentealaverdad.com\/index.php\/wp-json\/wp\/v2\/types\/post"}],"author":[{"embeddable":true,"href":"https:\/\/defrentealaverdad.com\/index.php\/wp-json\/wp\/v2\/users\/1"}],"replies":[{"embeddable":true,"href":"https:\/\/defrentealaverdad.com\/index.php\/wp-json\/wp\/v2\/comments?post=36251"}],"version-history":[{"count":1,"href":"https:\/\/defrentealaverdad.com\/index.php\/wp-json\/wp\/v2\/posts\/36251\/revisions"}],"predecessor-version":[{"id":36253,"href":"https:\/\/defrentealaverdad.com\/index.php\/wp-json\/wp\/v2\/posts\/36251\/revisions\/36253"}],"wp:featuredmedia":[{"embeddable":true,"href":"https:\/\/defrentealaverdad.com\/index.php\/wp-json\/wp\/v2\/media\/36252"}],"wp:attachment":[{"href":"https:\/\/defrentealaverdad.com\/index.php\/wp-json\/wp\/v2\/media?parent=36251"}],"wp:term":[{"taxonomy":"category","embeddable":true,"href":"https:\/\/defrentealaverdad.com\/index.php\/wp-json\/wp\/v2\/categories?post=36251"},{"taxonomy":"post_tag","embeddable":true,"href":"https:\/\/defrentealaverdad.com\/index.php\/wp-json\/wp\/v2\/tags?post=36251"}],"curies":[{"name":"wp","href":"https:\/\/api.w.org\/{rel}","templated":true}]}}