{"id":3624,"date":"2023-02-10T13:03:02","date_gmt":"2023-02-10T13:03:02","guid":{"rendered":"https:\/\/defrentealaverdad.com\/?p=3624"},"modified":"2023-02-10T13:03:02","modified_gmt":"2023-02-10T13:03:02","slug":"republica-dominicana-presenta-un-buen-team-para-el-clasico-mundial-de-beisbol","status":"publish","type":"post","link":"https:\/\/defrentealaverdad.com\/index.php\/2023\/02\/10\/republica-dominicana-presenta-un-buen-team-para-el-clasico-mundial-de-beisbol\/","title":{"rendered":"Rep\u00fablica Dominicana presenta un buen team para el Cl\u00e1sico Mundial de B\u00e9isbol"},"content":{"rendered":"<p style=\"text-align: justify;\"><strong>Nelson Cruz se inscribe e incluye a Robinson Can\u00f3, pero Jos\u00e9 Ram\u00edrez no estar\u00e1 en el equipo. Sobre Manny Machado y Juan Soto, quienes se observan en la foto, puede recaer gran parte de la responsabilidad ofensiva.<\/strong><\/p>\n<p style=\"text-align: justify;\"><img decoding=\"async\" data-src=\"https:\/\/blogger.googleusercontent.com\/img\/b\/R29vZ2xl\/AVvXsEinDs7DmFV6IM5XhczwHunozwFtYWIJmqCfgh_0IEoN0GwQxpGbumpoGyyGEukBJiC96N-NXL0GULm8zM5uokmnxfftRuSqjXEVD85d2SdPhXN02j-XmZkjMbt56EmbvhHAMtpFOqSX79IiYbDDMoSe5Bi-n7uaKZ97S5SOddoAZLt44fhC6igccYS_\/w640-h410\/Machado%20y%20Soto.jpg\" src=\"data:image\/svg+xml;base64,PHN2ZyB3aWR0aD0iMSIgaGVpZ2h0PSIxIiB4bWxucz0iaHR0cDovL3d3dy53My5vcmcvMjAwMC9zdmciPjwvc3ZnPg==\" class=\"lazyload\" \/><\/p>\n<p style=\"font-weight: 400; text-align: justify;\"><strong>Santo Domingo.-<\/strong>\u00a0La Rep\u00fablica Dominicana ha depositado un roster para so\u00f1ar para el Cl\u00e1sico Mundial de B\u00e9isbol que se jugar\u00e1 el pr\u00f3ximo mes de marzo (los d\u00edas del 8 al 21) con la participaci\u00f3n de 20 pa\u00edses.<\/p>\n<p style=\"font-weight: 400; text-align: justify;\">La organizaci\u00f3n del evento present\u00f3 este jueves los planteles preliminares para el certamen y el cuadro dominicano luce forrado de estelares que sobresalen en las\u00a0<strong>Grandes Ligas<\/strong>, con ligeras excepciones.<\/p>\n<p style=\"font-weight: 400; text-align: justify;\">El gran ausente de la lista es Jos\u00e9 Ram\u00edrez, quien se someti\u00f3 a una operaci\u00f3n del dedo pulgar de la mano derecha en la temporada muerta, una condici\u00f3n que deja en manos de los Guardianes de Cleveland autorizar o no su participaci\u00f3n.<\/p>\n<p style=\"font-weight: 400; text-align: justify;\">Sobresale la presencia de\u00a0<strong>Robinson Can\u00f3<\/strong>, que si queda en el equipo se convertir\u00eda en el \u00fanico dominicano en disputar las cinco ediciones. Jugador M\u00e1s Valioso de la versi\u00f3n de 2013, Can\u00f3 estuvo tambi\u00e9n en las escuadras de 2006, 2009 y 2017.<\/p>\n<p style=\"font-weight: 400; text-align: justify;\"><strong>Nelson Cruz<\/strong>, el gerente del equipo, tambi\u00e9n se inscribi\u00f3. Cruz coloc\u00f3 al veterano C\u00e9sar Valdez y a los relevistas Joel Payams y Carlos Est\u00e9vez en la lista alternativa, esa que se utilizar\u00eda para sustituir a un lanzador del plantel.<\/p>\n<p style=\"font-weight: 400; text-align: justify;\"><strong>A continuaci\u00f3n el roster sometido este jueves:<\/strong><\/p>\n<p style=\"font-weight: 400; text-align: justify;\"><strong>Lanzadores:<\/strong><\/p>\n<p style=\"font-weight: 400; text-align: justify;\">Sandy Alc\u00e1ntara<\/p>\n<p style=\"font-weight: 400; text-align: justify;\">Cristian Javier<\/p>\n<p style=\"font-weight: 400; text-align: justify;\">Roansy Contreras<\/p>\n<p style=\"font-weight: 400; text-align: justify;\">Johnny Cueto<\/p>\n<p style=\"font-weight: 400; text-align: justify;\">Bryan Abreu<\/p>\n<p style=\"font-weight: 400; text-align: justify;\">Jarl\u00edn Garc\u00eda<\/p>\n<p style=\"font-weight: 400; text-align: justify;\">Ronel Blanco<\/p>\n<p style=\"font-weight: 400; text-align: justify;\">Luis Garc\u00eda<\/p>\n<p style=\"font-weight: 400; text-align: justify;\">Yimi Garc\u00eda<\/p>\n<p style=\"font-weight: 400; text-align: justify;\">G\u00e9nesis Cabrera<\/p>\n<p style=\"font-weight: 400; text-align: justify;\">Diego Castillo<\/p>\n<p style=\"font-weight: 400; text-align: justify;\">Jos\u00e9 Leclerc<\/p>\n<p style=\"font-weight: 400; text-align: justify;\">Rafael Montero<\/p>\n<p style=\"font-weight: 400; text-align: justify;\">H\u00e9ctor Neris<\/p>\n<p style=\"font-weight: 400; text-align: justify;\">Enyel de los Santos<\/p>\n<p style=\"font-weight: 400; text-align: justify;\">Camilo Doval<\/p>\n<p style=\"font-weight: 400; text-align: justify;\">Gregory Soto<\/p>\n<p style=\"font-weight: 400; text-align: justify;\">*Carlos Est\u00e9vez<\/p>\n<p style=\"font-weight: 400; text-align: justify;\">*C\u00e9sar Valdez<\/p>\n<p style=\"font-weight: 400; text-align: justify;\">*Joel Payamps<\/p>\n<p style=\"font-weight: 400; text-align: justify;\"><strong>Receptores:<\/strong><\/p>\n<p style=\"font-weight: 400; text-align: justify;\">Gary S\u00e1nchez<\/p>\n<p style=\"font-weight: 400; text-align: justify;\">Francisco Mej\u00eda<\/p>\n<p style=\"font-weight: 400; text-align: justify;\"><strong>Infielders:<\/strong><\/p>\n<p style=\"font-weight: 400; text-align: justify;\">Vladimir Guerrero Jr.<\/p>\n<p style=\"font-weight: 400; text-align: justify;\">Willy Adames<\/p>\n<p style=\"font-weight: 400; text-align: justify;\"><strong>Robinson Can\u00f3<\/strong><\/p>\n<p style=\"font-weight: 400; text-align: justify;\">Manny Machado<\/p>\n<p style=\"font-weight: 400; text-align: justify;\"><strong>Nelson Cruz<\/strong><\/p>\n<p style=\"font-weight: 400; text-align: justify;\">Rafael Devers<\/p>\n<p style=\"font-weight: 400; text-align: justify;\">Jeremy Pe\u00f1a<\/p>\n<p style=\"font-weight: 400; text-align: justify;\">Wander Franco<\/p>\n<p style=\"font-weight: 400; text-align: justify;\">Jean Segura<\/p>\n<p style=\"font-weight: 400; text-align: justify;\"><strong>Jardineros:<\/strong><\/p>\n<p style=\"font-weight: 400; text-align: justify;\">Julio Rodr\u00edguez<\/p>\n<p style=\"font-weight: 400; text-align: justify;\">Ketel Marte<\/p>\n<p style=\"font-weight: 400; text-align: justify;\">Teoscar Hern\u00e1ndez<\/p>\n<p style=\"font-weight: 400; text-align: justify;\">Juan Soto<\/p>\n<p style=\"font-weight: 400; text-align: justify;\">Eloy Jim\u00e9nez<\/p>\n<p>&nbsp;<\/p>\n<p>Fuente: Noticias Globales<\/p>\n","protected":false},"excerpt":{"rendered":"<p>Nelson Cruz se inscribe e incluye a Robinson Can\u00f3, pero Jos\u00e9 Ram\u00edrez no estar\u00e1 en<\/p>\n","protected":false},"author":1,"featured_media":0,"comment_status":"open","ping_status":"open","sticky":false,"template":"","format":"standard","meta":{"footnotes":""},"categories":[3],"tags":[],"class_list":["post-3624","post","type-post","status-publish","format-standard","hentry","category-deportes"],"_links":{"self":[{"href":"https:\/\/defrentealaverdad.com\/index.php\/wp-json\/wp\/v2\/posts\/3624","targetHints":{"allow":["GET"]}}],"collection":[{"href":"https:\/\/defrentealaverdad.com\/index.php\/wp-json\/wp\/v2\/posts"}],"about":[{"href":"https:\/\/defrentealaverdad.com\/index.php\/wp-json\/wp\/v2\/types\/post"}],"author":[{"embeddable":true,"href":"https:\/\/defrentealaverdad.com\/index.php\/wp-json\/wp\/v2\/users\/1"}],"replies":[{"embeddable":true,"href":"https:\/\/defrentealaverdad.com\/index.php\/wp-json\/wp\/v2\/comments?post=3624"}],"version-history":[{"count":1,"href":"https:\/\/defrentealaverdad.com\/index.php\/wp-json\/wp\/v2\/posts\/3624\/revisions"}],"predecessor-version":[{"id":3625,"href":"https:\/\/defrentealaverdad.com\/index.php\/wp-json\/wp\/v2\/posts\/3624\/revisions\/3625"}],"wp:attachment":[{"href":"https:\/\/defrentealaverdad.com\/index.php\/wp-json\/wp\/v2\/media?parent=3624"}],"wp:term":[{"taxonomy":"category","embeddable":true,"href":"https:\/\/defrentealaverdad.com\/index.php\/wp-json\/wp\/v2\/categories?post=3624"},{"taxonomy":"post_tag","embeddable":true,"href":"https:\/\/defrentealaverdad.com\/index.php\/wp-json\/wp\/v2\/tags?post=3624"}],"curies":[{"name":"wp","href":"https:\/\/api.w.org\/{rel}","templated":true}]}}