{"id":36212,"date":"2025-01-03T15:37:42","date_gmt":"2025-01-03T15:37:42","guid":{"rendered":"https:\/\/defrentealaverdad.com\/?p=36212"},"modified":"2025-01-03T15:37:42","modified_gmt":"2025-01-03T15:37:42","slug":"roberto-monclus-lanza-la-serie-debates-en-republica-musical-por-95-3-fm","status":"publish","type":"post","link":"https:\/\/defrentealaverdad.com\/index.php\/2025\/01\/03\/roberto-monclus-lanza-la-serie-debates-en-republica-musical-por-95-3-fm\/","title":{"rendered":"Roberto Monclus lanza la serie \u00abDebates\u00bb en Rep\u00fablica Musical por 95.3 FM"},"content":{"rendered":"<p style=\"text-align: justify;\"><strong>Santo Domingo, R.D.<\/strong> \u2013 Roberto Monclus, destacado productor y conductor de Rep\u00fablica Musical, anunci\u00f3 el lanzamiento de la serie \u00abDebates\u00bb, que dar\u00e1 inicio este domingo 5 de enero, marcando el primer programa del a\u00f1o de esta plataforma medi\u00e1tica dedicada a promover la cultura dominicana a trav\u00e9s de la m\u00fasica popular.<\/p>\n<blockquote>\n<p style=\"text-align: justify;\">\u00abEl primer debate buscar\u00e1 establecer qui\u00e9n es el mejor int\u00e9rprete de merengue, tomando como referencia el surgimiento del estilo beduino de Wilfrido Vargas. Los contendientes ser\u00e1n Vicente Pacheco y Sandy Reyes\u00bb, adelant\u00f3 Monclus.<\/p>\n<\/blockquote>\n<p style=\"text-align: justify;\">El reconocido maestro Juan Valdez, m\u00fasico, compositor y arreglista, ser\u00e1 parte de este especial, compartiendo su an\u00e1lisis y opiniones sobre este emblem\u00e1tico g\u00e9nero musical dominicano.<\/p>\n<p style=\"text-align: justify;\">Rep\u00fablica Musical, transmitido todos los domingos de 11:00 a.m. a 2:00 p.m. por la emisora 95.3 FM, es una producci\u00f3n \u00fanica de tres horas que no solo deleita con m\u00fasica, sino que tambi\u00e9n analiza la situaci\u00f3n actual de los g\u00e9neros musicales dominicanos, difunde noticias relevantes de la industria, y trabaja activamente por la preservaci\u00f3n de estos tesoros culturales declarados patrimonio inmaterial de la humanidad por la UNESCO, como el merengue y la bachata.<\/p>\n<blockquote>\n<p style=\"text-align: justify;\">\u00abEste 2025, ampliaremos nuestro alcance difundiendo la m\u00fasica aut\u00f3ctona de Am\u00e9rica Latina, acompa\u00f1ada de entrevistas y reportajes especiales. No obstante, el merengue, la bachata, el son, la salsa, el bolero y el latin jazz seguir\u00e1n siendo el alma de nuestro \u2018playlist\u2019 semanal,\u00bb afirm\u00f3 Monclus.<\/p>\n<\/blockquote>\n<p style=\"text-align: justify;\">Adem\u00e1s, el programa presentar\u00e1 nuevos especiales este a\u00f1o, consolid\u00e1ndose como un espacio imprescindible para los amantes de la m\u00fasica y la cultura.<\/p>\n<blockquote>\n<p style=\"text-align: justify;\">Rep\u00fablica Musical: un espacio que preserva y celebra las ra\u00edces musicales de nuestra identidad dominicana, cada domingo por 95.3 FM.<\/p>\n<\/blockquote>\n<p>Fuente: Equipo RM<\/p>\n","protected":false},"excerpt":{"rendered":"<p>Santo Domingo, R.D. \u2013 Roberto Monclus, destacado productor y conductor de Rep\u00fablica Musical, anunci\u00f3 el<\/p>\n","protected":false},"author":4,"featured_media":36213,"comment_status":"open","ping_status":"open","sticky":false,"template":"","format":"standard","meta":{"footnotes":""},"categories":[249],"tags":[],"class_list":["post-36212","post","type-post","status-publish","format-standard","has-post-thumbnail","hentry","category-farandula"],"_links":{"self":[{"href":"https:\/\/defrentealaverdad.com\/index.php\/wp-json\/wp\/v2\/posts\/36212","targetHints":{"allow":["GET"]}}],"collection":[{"href":"https:\/\/defrentealaverdad.com\/index.php\/wp-json\/wp\/v2\/posts"}],"about":[{"href":"https:\/\/defrentealaverdad.com\/index.php\/wp-json\/wp\/v2\/types\/post"}],"author":[{"embeddable":true,"href":"https:\/\/defrentealaverdad.com\/index.php\/wp-json\/wp\/v2\/users\/4"}],"replies":[{"embeddable":true,"href":"https:\/\/defrentealaverdad.com\/index.php\/wp-json\/wp\/v2\/comments?post=36212"}],"version-history":[{"count":1,"href":"https:\/\/defrentealaverdad.com\/index.php\/wp-json\/wp\/v2\/posts\/36212\/revisions"}],"predecessor-version":[{"id":36214,"href":"https:\/\/defrentealaverdad.com\/index.php\/wp-json\/wp\/v2\/posts\/36212\/revisions\/36214"}],"wp:featuredmedia":[{"embeddable":true,"href":"https:\/\/defrentealaverdad.com\/index.php\/wp-json\/wp\/v2\/media\/36213"}],"wp:attachment":[{"href":"https:\/\/defrentealaverdad.com\/index.php\/wp-json\/wp\/v2\/media?parent=36212"}],"wp:term":[{"taxonomy":"category","embeddable":true,"href":"https:\/\/defrentealaverdad.com\/index.php\/wp-json\/wp\/v2\/categories?post=36212"},{"taxonomy":"post_tag","embeddable":true,"href":"https:\/\/defrentealaverdad.com\/index.php\/wp-json\/wp\/v2\/tags?post=36212"}],"curies":[{"name":"wp","href":"https:\/\/api.w.org\/{rel}","templated":true}]}}