{"id":36209,"date":"2025-01-03T15:35:54","date_gmt":"2025-01-03T15:35:54","guid":{"rendered":"https:\/\/defrentealaverdad.com\/?p=36209"},"modified":"2025-01-04T19:25:16","modified_gmt":"2025-01-04T19:25:16","slug":"figuras-internacionales-y-autoridades-asistiran-a-la-juramentacion-de-la-nueva-directiva-del-colegio-de-notarios","status":"publish","type":"post","link":"https:\/\/defrentealaverdad.com\/index.php\/2025\/01\/03\/figuras-internacionales-y-autoridades-asistiran-a-la-juramentacion-de-la-nueva-directiva-del-colegio-de-notarios\/","title":{"rendered":"Figuras internacionales y autoridades asistir\u00e1n a la juramentaci\u00f3n de la nueva directiva del Colegio de Notarios"},"content":{"rendered":"<blockquote>\n<p style=\"text-align: justify;\">El doctor Jhon Richard Paniagua asumir\u00e1 la presidencia del gremio profesional tras m\u00e1s de 35 a\u00f1os de experiencia en Derecho Notarial y Empresarial.<\/p>\n<\/blockquote>\n<p style=\"text-align: justify;\"><strong>Santo Domingo, R.D.-<\/strong>El pr\u00f3ximo martes 7 de enero, el Colegio Dominicano de Notarios juramentar\u00e1 su nuevo Consejo Directivo 2025-2027, liderado por el doctor Jhon Richard Paniagua, en una ceremonia que iniciar\u00e1 a las 7 de la noche, en el sal\u00f3n Las Am\u00e9ricas del Hotel Crowne Plaza, con la presencia de autoridades locales e internacionales, as\u00ed como funcionarios de los poderes Ejecutivo, Legislativo y Judicial.<\/p>\n<p style=\"text-align: justify;\">Los miembros de esta nueva directiva ser\u00e1n juramentados por el presidente de la Comisi\u00f3n Nacional Electoral del Colegio de Notarios, doctor Juan Isidro Moreno Gautreaux; e incluir\u00e1 la bendici\u00f3n del obispo de la Di\u00f3cesis de Nuestra Se\u00f1ora de la Altagracia en Hig\u00fcey, monse\u00f1or Jes\u00fas Castro Marte, y las palabras de la presidenta saliente, doctora Laura S\u00e1nchez Jim\u00e9nez y del entrante Paniagua.<\/p>\n<p style=\"text-align: justify;\">Este nuevo Consejo Directivo estar\u00e1 compuesto, adem\u00e1s, por Antonio de Jes\u00fas Rodr\u00edguez, Manuel A. Olivero Rodr\u00edguez, Marcelino de la Cruz N\u00fa\u00f1ez, Ana Hilda Novas Rivas, Laura E. S\u00e1nchez Jim\u00e9nez, Pedro Rodr\u00edguez Montero, Te\u00f3filo Rosario Mart\u00ednez, Rina M. Ascencio de Jes\u00fas, Valent\u00edn V\u00e1squez, Luis R. Vilchez Marranzini, Elda Altagracia Clase Brito, \u00c1ngela Paulino Balbi y Lidia Dur\u00e1n.<\/p>\n<p style=\"text-align: justify;\">El proceso electoral del 26 de octubre de 2024 ratific\u00f3 al doctor Paniagua como presidente con una destacada victoria, al obtener el 87% de los sufragios emitidos, la mayor cifra registrada en la historia electoral del gremio.<\/p>\n<p style=\"text-align: justify;\"><strong>Figuras confirmadas para la ceremonia<\/strong><\/p>\n<p style=\"text-align: justify;\">A la ceremonia asistir\u00e1n destacados l\u00edderes nacionales e internacionales, entre ellos el presidente de la Comisi\u00f3n de Asuntos Americanos (CAM), Homero L\u00f3pez Obando, y delegados de M\u00e9xico, Ecuador, Brasil, Uruguay, Colombia, Costa Rica, Puerto Rico y Alemania, entre otros pa\u00edses.<\/p>\n<p style=\"text-align: justify;\">En representaci\u00f3n de las autoridades locales, se espera la presencia del presidente del Tribunal Constitucional, Napole\u00f3n Ricardo Est\u00e9vez Lavandier; la procuradora general de la Rep\u00fablica, Miriam Germ\u00e1n; el consultor jur\u00eddico del Poder Ejecutivo, Antoliano Peralta Romero; y la ex vicepresidenta de la Rep\u00fablica y directora general de \u00c9tica e Integridad Gubernamental (DIGEIG), Milagros Ortiz Bosch.<\/p>\n<p style=\"text-align: justify;\">Tambi\u00e9n estar\u00e1n presentes el exjuez del Tribunal Constitucional y presidente del Instituto Duartiano, Wilson G\u00f3mez Ram\u00edrez; el director del Instituto Nacional de Formaci\u00f3n T\u00e9cnico Profesional (Infotep), Rafael Santos Bad\u00eda; y el director general de la Oficina Nacional de la Propiedad Industrial (ONAPI), Salvador Ramos.<\/p>\n<p style=\"text-align: justify;\">Asimismo, se espera la participaci\u00f3n de miembros de la Suprema Corte de Justicia y el Tribunal Superior Electoral.<\/p>\n<p style=\"text-align: justify;\"><strong>Sobre el presidente electo<\/strong><\/p>\n<p style=\"text-align: justify;\">El doctor Jhon Richard Paniagua es un abogado y notario con m\u00e1s de 35 a\u00f1os de experiencia en las \u00e1reas de Derecho Notarial, Civil, Penal y Laboral. Adem\u00e1s, ha demostrado un destacado liderazgo en el \u00e1mbito empresarial, especialmente en el sector automotriz, como presidente de la Asociaci\u00f3n Dominicana de Rent-A-Car (ADORENTCAR) y vicepresidente de la Asociaci\u00f3n Nacional de Agencias Distribuidoras de Veh\u00edculos (ANADIVE).<\/p>\n<p style=\"text-align: justify;\">Durante m\u00e1s de 12 a\u00f1os, ha sido vicepresidente y miembro del Consejo Directivo del Colegio Dominicano de Notarios, instituci\u00f3n que integra desde 1991. Su formaci\u00f3n acad\u00e9mica incluye posgrado en Derecho Penal de la Universidad Aut\u00f3noma de Santo Domingo (UASD), as\u00ed como diplomados en temas como lavado de activos, biometr\u00eda y derecho inmobiliario.<\/p>\n<p style=\"text-align: justify;\">A nivel internacional, el doctor Paniagua fue expositor en conferencias organizadas por la Uni\u00f3n Internacional del Notariado Latino (UINL) y represent\u00f3 al gremio en diversos foros internacionales. Adem\u00e1s, desempe\u00f1\u00f3 roles importantes como fiscalizador y fiscal adjunto en diferentes instancias del Ministerio P\u00fablico y fue tesorero del Colegio de Abogados de la Rep\u00fablica Dominicana (CARD), en el periodo 1996-1998.<\/p>\n<p style=\"text-align: justify;\">Es socio fundador de la firma de abogados Peralta, Romero, Paniagua &amp; Asociados y ha sido observador internacional de elecciones presidenciales en varios pa\u00edses con la Conferencia Permanente de Partidos Pol\u00edticos de Am\u00e9rica Latina y el Caribe (COPPPAL).<\/p>\n<p>&nbsp;<\/p>\n<p>Fuente: Enver L\u00f3pez Milander<\/p>\n","protected":false},"excerpt":{"rendered":"<p>El doctor Jhon Richard Paniagua asumir\u00e1 la presidencia del gremio profesional tras m\u00e1s de 35<\/p>\n","protected":false},"author":4,"featured_media":36210,"comment_status":"open","ping_status":"open","sticky":false,"template":"","format":"standard","meta":{"footnotes":""},"categories":[7],"tags":[],"class_list":["post-36209","post","type-post","status-publish","format-standard","has-post-thumbnail","hentry","category-nacionales"],"_links":{"self":[{"href":"https:\/\/defrentealaverdad.com\/index.php\/wp-json\/wp\/v2\/posts\/36209","targetHints":{"allow":["GET"]}}],"collection":[{"href":"https:\/\/defrentealaverdad.com\/index.php\/wp-json\/wp\/v2\/posts"}],"about":[{"href":"https:\/\/defrentealaverdad.com\/index.php\/wp-json\/wp\/v2\/types\/post"}],"author":[{"embeddable":true,"href":"https:\/\/defrentealaverdad.com\/index.php\/wp-json\/wp\/v2\/users\/4"}],"replies":[{"embeddable":true,"href":"https:\/\/defrentealaverdad.com\/index.php\/wp-json\/wp\/v2\/comments?post=36209"}],"version-history":[{"count":1,"href":"https:\/\/defrentealaverdad.com\/index.php\/wp-json\/wp\/v2\/posts\/36209\/revisions"}],"predecessor-version":[{"id":36211,"href":"https:\/\/defrentealaverdad.com\/index.php\/wp-json\/wp\/v2\/posts\/36209\/revisions\/36211"}],"wp:featuredmedia":[{"embeddable":true,"href":"https:\/\/defrentealaverdad.com\/index.php\/wp-json\/wp\/v2\/media\/36210"}],"wp:attachment":[{"href":"https:\/\/defrentealaverdad.com\/index.php\/wp-json\/wp\/v2\/media?parent=36209"}],"wp:term":[{"taxonomy":"category","embeddable":true,"href":"https:\/\/defrentealaverdad.com\/index.php\/wp-json\/wp\/v2\/categories?post=36209"},{"taxonomy":"post_tag","embeddable":true,"href":"https:\/\/defrentealaverdad.com\/index.php\/wp-json\/wp\/v2\/tags?post=36209"}],"curies":[{"name":"wp","href":"https:\/\/api.w.org\/{rel}","templated":true}]}}