{"id":36206,"date":"2025-01-03T15:33:04","date_gmt":"2025-01-03T15:33:04","guid":{"rendered":"https:\/\/defrentealaverdad.com\/?p=36206"},"modified":"2025-01-03T15:33:04","modified_gmt":"2025-01-03T15:33:04","slug":"zeo-munoz-llena-el-hard-rock-con-un-concierto-inolvidable","status":"publish","type":"post","link":"https:\/\/defrentealaverdad.com\/index.php\/2025\/01\/03\/zeo-munoz-llena-el-hard-rock-con-un-concierto-inolvidable\/","title":{"rendered":"Zeo Mu\u00f1oz llena el Hard Rock con un concierto inolvidable"},"content":{"rendered":"<p style=\"text-align: justify;\">El cantautor dominicano Zeo Mu\u00f1oz cerr\u00f3 el a\u00f1o con broche de oro al ofrecer un impresionante concierto a casa llena en Hard Rock Caf\u00e9 Santo Domingo. La noche estuvo marcada por una conexi\u00f3n inigualable con sus seguidores, quienes corearon a todo pulm\u00f3n cada una de sus canciones, creando un ambiente m\u00e1gico e inolvidable.<\/p>\n<p style=\"text-align: justify;\">Zeo, conocido por su estilo aut\u00e9ntico y letras que conectan profundamente con su audiencia, estuvo acompa\u00f1ado de artistas invitados especiales como Covi Quintana, quienes sumaron un toque especial a la velada.<\/p>\n<p style=\"text-align: justify;\">Este concierto no solo reafirma el talento y la trayectoria de Zeo Mu\u00f1oz, sino que tambi\u00e9n consolida su lugar como uno de los cantautores m\u00e1s destacados de la escena musical dominicana. Sin duda, un cierre de a\u00f1o memorable que deja a sus fan\u00e1ticos con grandes expectativas para el futuro.<\/p>\n<p>Fuente: Wal Polanco<\/p>\n","protected":false},"excerpt":{"rendered":"<p>El cantautor dominicano Zeo Mu\u00f1oz cerr\u00f3 el a\u00f1o con broche de oro al ofrecer un<\/p>\n","protected":false},"author":1,"featured_media":36207,"comment_status":"open","ping_status":"open","sticky":false,"template":"","format":"standard","meta":{"footnotes":""},"categories":[6],"tags":[],"class_list":["post-36206","post","type-post","status-publish","format-standard","has-post-thumbnail","hentry","category-espectaculos"],"_links":{"self":[{"href":"https:\/\/defrentealaverdad.com\/index.php\/wp-json\/wp\/v2\/posts\/36206","targetHints":{"allow":["GET"]}}],"collection":[{"href":"https:\/\/defrentealaverdad.com\/index.php\/wp-json\/wp\/v2\/posts"}],"about":[{"href":"https:\/\/defrentealaverdad.com\/index.php\/wp-json\/wp\/v2\/types\/post"}],"author":[{"embeddable":true,"href":"https:\/\/defrentealaverdad.com\/index.php\/wp-json\/wp\/v2\/users\/1"}],"replies":[{"embeddable":true,"href":"https:\/\/defrentealaverdad.com\/index.php\/wp-json\/wp\/v2\/comments?post=36206"}],"version-history":[{"count":1,"href":"https:\/\/defrentealaverdad.com\/index.php\/wp-json\/wp\/v2\/posts\/36206\/revisions"}],"predecessor-version":[{"id":36208,"href":"https:\/\/defrentealaverdad.com\/index.php\/wp-json\/wp\/v2\/posts\/36206\/revisions\/36208"}],"wp:featuredmedia":[{"embeddable":true,"href":"https:\/\/defrentealaverdad.com\/index.php\/wp-json\/wp\/v2\/media\/36207"}],"wp:attachment":[{"href":"https:\/\/defrentealaverdad.com\/index.php\/wp-json\/wp\/v2\/media?parent=36206"}],"wp:term":[{"taxonomy":"category","embeddable":true,"href":"https:\/\/defrentealaverdad.com\/index.php\/wp-json\/wp\/v2\/categories?post=36206"},{"taxonomy":"post_tag","embeddable":true,"href":"https:\/\/defrentealaverdad.com\/index.php\/wp-json\/wp\/v2\/tags?post=36206"}],"curies":[{"name":"wp","href":"https:\/\/api.w.org\/{rel}","templated":true}]}}