{"id":36200,"date":"2025-01-03T15:30:29","date_gmt":"2025-01-03T15:30:29","guid":{"rendered":"https:\/\/defrentealaverdad.com\/?p=36200"},"modified":"2025-01-03T15:30:29","modified_gmt":"2025-01-03T15:30:29","slug":"detienen-a-24-nacionales-haitianos-sin-documentos-que-eran-trasladados-en-un-camion","status":"publish","type":"post","link":"https:\/\/defrentealaverdad.com\/index.php\/2025\/01\/03\/detienen-a-24-nacionales-haitianos-sin-documentos-que-eran-trasladados-en-un-camion\/","title":{"rendered":"Detienen a 24 nacionales haitianos sin documentos que eran trasladados en un cami\u00f3n"},"content":{"rendered":"<p>Por Felix Rubio<\/p>\n<blockquote>\n<p style=\"text-align: justify;\">Otros 14 fueron detenidos mientras se desplazaban en motocicletas en Valverde<\/p>\n<\/blockquote>\n<p style=\"text-align: justify;\"><strong>Santiago<\/strong> .- El Ej\u00e9rcito de Rep\u00fablica Dominicana detuvo a 24 nacionales haitianos en estatus migratorio irregular que eran trasladados camuflados en la cama de un cami\u00f3n, en la Avenida Doctor Joaqu\u00edn Balaguer, en Santiago.<img decoding=\"async\" class=\"size-medium wp-image-36203 alignright lazyload\" data-src=\"https:\/\/defrentealaverdad.com\/wp-content\/uploads\/2025\/01\/IMG-20250103-WA0052-300x225.jpg\" alt=\"\" width=\"300\" height=\"225\" data-srcset=\"https:\/\/defrentealaverdad.com\/wp-content\/uploads\/2025\/01\/IMG-20250103-WA0052-300x225.jpg 300w, https:\/\/defrentealaverdad.com\/wp-content\/uploads\/2025\/01\/IMG-20250103-WA0052-1024x768.jpg 1024w, https:\/\/defrentealaverdad.com\/wp-content\/uploads\/2025\/01\/IMG-20250103-WA0052-768x576.jpg 768w, https:\/\/defrentealaverdad.com\/wp-content\/uploads\/2025\/01\/IMG-20250103-WA0052-720x540.jpg 720w, https:\/\/defrentealaverdad.com\/wp-content\/uploads\/2025\/01\/IMG-20250103-WA0052.jpg 1280w\" data-sizes=\"(max-width: 300px) 100vw, 300px\" src=\"data:image\/svg+xml;base64,PHN2ZyB3aWR0aD0iMSIgaGVpZ2h0PSIxIiB4bWxucz0iaHR0cDovL3d3dy53My5vcmcvMjAwMC9zdmciPjwvc3ZnPg==\" style=\"--smush-placeholder-width: 300px; --smush-placeholder-aspect-ratio: 300\/225;\" \/><\/p>\n<p style=\"text-align: justify;\">El conductor del veh\u00edculo, marca Daihatsu, color azul, al percibir la presencia militar emprendi\u00f3 la huida, dejando abandonado al grupo de extranjeros indocumentados.<\/p>\n<p style=\"text-align: justify;\"><img decoding=\"async\" class=\"size-medium wp-image-36204 alignleft lazyload\" data-src=\"https:\/\/defrentealaverdad.com\/wp-content\/uploads\/2025\/01\/IMG-20250103-WA0049-300x225.jpg\" alt=\"\" width=\"300\" height=\"225\" data-srcset=\"https:\/\/defrentealaverdad.com\/wp-content\/uploads\/2025\/01\/IMG-20250103-WA0049-300x225.jpg 300w, https:\/\/defrentealaverdad.com\/wp-content\/uploads\/2025\/01\/IMG-20250103-WA0049-1024x768.jpg 1024w, https:\/\/defrentealaverdad.com\/wp-content\/uploads\/2025\/01\/IMG-20250103-WA0049-768x576.jpg 768w, https:\/\/defrentealaverdad.com\/wp-content\/uploads\/2025\/01\/IMG-20250103-WA0049-720x540.jpg 720w, https:\/\/defrentealaverdad.com\/wp-content\/uploads\/2025\/01\/IMG-20250103-WA0049.jpg 1280w\" data-sizes=\"(max-width: 300px) 100vw, 300px\" src=\"data:image\/svg+xml;base64,PHN2ZyB3aWR0aD0iMSIgaGVpZ2h0PSIxIiB4bWxucz0iaHR0cDovL3d3dy53My5vcmcvMjAwMC9zdmciPjwvc3ZnPg==\" style=\"--smush-placeholder-width: 300px; --smush-placeholder-aspect-ratio: 300\/225;\" \/>En otro hecho, fueron apresados en Monci\u00f3n y en el sector La Colonia de la provincia Valverde, otros 14 indocumentados de nacionalidad haitiana, los cuales se desplazaban en cuatro motocicletas, quienes fueron trasladados a la sede de la 4ta Brigada de Infanter\u00eda del ERD.<\/p>\n<p style=\"text-align: justify;\">El cami\u00f3n donde eran transportados y los haitianos indocumentados fueron entregados mediante certificaci\u00f3n al Ministerio P\u00fablico y posteriormente entregados a la Direcci\u00f3n General de Migraci\u00f3n (DGM) para el proceso de repatriaci\u00f3n correspondiente.<\/p>\n<p style=\"text-align: justify;\">Fuente: Ej\u00e9rcito de Rep\u00fablica Dominicana<\/p>\n","protected":false},"excerpt":{"rendered":"<p>Por Felix Rubio Otros 14 fueron detenidos mientras se desplazaban en motocicletas en Valverde Santiago<\/p>\n","protected":false},"author":1,"featured_media":36201,"comment_status":"open","ping_status":"open","sticky":false,"template":"","format":"standard","meta":{"footnotes":""},"categories":[7],"tags":[],"class_list":["post-36200","post","type-post","status-publish","format-standard","has-post-thumbnail","hentry","category-nacionales"],"_links":{"self":[{"href":"https:\/\/defrentealaverdad.com\/index.php\/wp-json\/wp\/v2\/posts\/36200","targetHints":{"allow":["GET"]}}],"collection":[{"href":"https:\/\/defrentealaverdad.com\/index.php\/wp-json\/wp\/v2\/posts"}],"about":[{"href":"https:\/\/defrentealaverdad.com\/index.php\/wp-json\/wp\/v2\/types\/post"}],"author":[{"embeddable":true,"href":"https:\/\/defrentealaverdad.com\/index.php\/wp-json\/wp\/v2\/users\/1"}],"replies":[{"embeddable":true,"href":"https:\/\/defrentealaverdad.com\/index.php\/wp-json\/wp\/v2\/comments?post=36200"}],"version-history":[{"count":1,"href":"https:\/\/defrentealaverdad.com\/index.php\/wp-json\/wp\/v2\/posts\/36200\/revisions"}],"predecessor-version":[{"id":36205,"href":"https:\/\/defrentealaverdad.com\/index.php\/wp-json\/wp\/v2\/posts\/36200\/revisions\/36205"}],"wp:featuredmedia":[{"embeddable":true,"href":"https:\/\/defrentealaverdad.com\/index.php\/wp-json\/wp\/v2\/media\/36201"}],"wp:attachment":[{"href":"https:\/\/defrentealaverdad.com\/index.php\/wp-json\/wp\/v2\/media?parent=36200"}],"wp:term":[{"taxonomy":"category","embeddable":true,"href":"https:\/\/defrentealaverdad.com\/index.php\/wp-json\/wp\/v2\/categories?post=36200"},{"taxonomy":"post_tag","embeddable":true,"href":"https:\/\/defrentealaverdad.com\/index.php\/wp-json\/wp\/v2\/tags?post=36200"}],"curies":[{"name":"wp","href":"https:\/\/api.w.org\/{rel}","templated":true}]}}