{"id":36196,"date":"2025-01-03T15:24:27","date_gmt":"2025-01-03T15:24:27","guid":{"rendered":"https:\/\/defrentealaverdad.com\/?p=36196"},"modified":"2025-01-03T15:24:45","modified_gmt":"2025-01-03T15:24:45","slug":"nuevo-consul-de-rd-en-genova-asume-funciones","status":"publish","type":"post","link":"https:\/\/defrentealaverdad.com\/index.php\/2025\/01\/03\/nuevo-consul-de-rd-en-genova-asume-funciones\/","title":{"rendered":"Nuevo c\u00f3nsul de RD en G\u00e9nova asume funciones"},"content":{"rendered":"<blockquote>\n<p style=\"text-align: justify;\">Adolfo Pineda Espinosa sustituy\u00f3 en el cargo a Nelson Carela Luna y dice garantizar\u00e1 eficiencia en servicios consulares a dominicanos y extranjeros, as\u00ed como para empresarios e inversionistas<\/p>\n<\/blockquote>\n<p style=\"text-align: justify;\"><strong>G\u00e9nova, Italia.<\/strong>\u00a0El ingeniero Adolfo Pineda Espinosa, asumi\u00f3 este jueves 2 de enero de 2025, sus funciones como nuevo C\u00f3nsul de Rep\u00fablica Dominicana en G\u00e9nova, Italia.<\/p>\n<p style=\"text-align: justify;\">Pineda Espinosa sustituye en el cargo a Nelson Carela Luna, quien se desempe\u00f1\u00f3 en el Consulado hasta la fecha.<\/p>\n<p style=\"text-align: justify;\">El funcionario consular fue designado en sustituci\u00f3n de Carela Luna por el presidente Luis Abinader, mediante el decreto n\u00famero 554-24, emitido el 20 de septiembre del a\u00f1o 2024.<\/p>\n<p style=\"text-align: justify;\">Pineda Espinosa se desempe\u00f1\u00f3 como director del Plan Nacional de Reducci\u00f3n de la Pobreza Extrema y Promoci\u00f3n de la Inclusi\u00f3n Social Dominicana Digna, de la Direcci\u00f3n de Proyectos Estrat\u00e9gicos y Programas Especiales de la Presidencia (Propeep) desde el 16 de agosto de 2020 hasta el 31 de agosto del 2023.<\/p>\n<p style=\"text-align: justify;\">Al tomar posesi\u00f3n, agradeci\u00f3 al presidente Luis Abinader por su designaci\u00f3n y afirm\u00f3 que cumplir\u00e1 fielmente sus instrucciones para enfocar sus funciones en mejorar y eficientizar, a\u00fan m\u00e1s, la diversidad de servicios que ofrece la sede a dominicanos y extranjeros.<\/p>\n<blockquote>\n<p style=\"text-align: justify;\">\u00abEs mi deber, como funcionario al servicio del Gobierno de Rep\u00fablica Dominicana en esta ciudad de G\u00e9nova, Italia, eficientizar los servicios que esta sede consular brinda a nuestros connacionales, ciudadanos italianos genoveses, empresarios, inversionistas y extranjeros, con la calidad y agilidad requeridas\u00bb, proclam\u00f3.<\/p>\n<\/blockquote>\n<p style=\"text-align: justify;\">Adolfo Pineda, adem\u00e1s de especializado en Relaciones P\u00fablicas y Estrategias Pol\u00edticas, realiz\u00f3 estudios en Marketing Pol\u00edtico, de Negocios, Comercio Exterior y Gestiones Consulares; es T\u00e9cnico en Locuci\u00f3n y Comunicaci\u00f3n; tiene una especialidad en Gesti\u00f3n de Gobierno y Campa\u00f1as Electorales en la Universidad Camilo Jos\u00e9 Cela (Espa\u00f1a).<\/p>\n<p style=\"text-align: justify;\">Adem\u00e1s, se especializ\u00f3 en Comunicaci\u00f3n Pol\u00edtica y Dise\u00f1o de Campa\u00f1a Electoral en la Universidad Aut\u00f3noma de Santo Domingo (UASD); en Diplomacia Consular en la Escuela de Diplomacia INESDYC, y tiene a nivel de t\u00e9rmino de la Licenciatura en Derecho de la Universidad del Caribe (UNICARIBE).<\/p>\n<p style=\"text-align: justify;\">Tambi\u00e9n fue asesor de campa\u00f1a de 2018 a 2020 de los candidatos a senador y a la Alcald\u00eda del Partido Revolucionario Moderno (PRM) en Barahona y la provincia Espaillat.<\/p>\n<p style=\"text-align: justify;\">En el sector privado, Pineda Espinosa ha sido asesor y gestor de Marketing y Liderazgo en empresas de multinivel como FortLife y Royal Prestige, as\u00ed como en la captaci\u00f3n y expansi\u00f3n de la cartera de clientes de la empresa Ambit Energy.<\/p>\n<p>&nbsp;<\/p>\n<p>Fuente: Consulado RD en Genova<\/p>\n","protected":false},"excerpt":{"rendered":"<p>Adolfo Pineda Espinosa sustituy\u00f3 en el cargo a Nelson Carela Luna y dice garantizar\u00e1 eficiencia<\/p>\n","protected":false},"author":4,"featured_media":36197,"comment_status":"open","ping_status":"open","sticky":false,"template":"","format":"standard","meta":{"footnotes":""},"categories":[16],"tags":[],"class_list":["post-36196","post","type-post","status-publish","format-standard","has-post-thumbnail","hentry","category-internacionales"],"_links":{"self":[{"href":"https:\/\/defrentealaverdad.com\/index.php\/wp-json\/wp\/v2\/posts\/36196","targetHints":{"allow":["GET"]}}],"collection":[{"href":"https:\/\/defrentealaverdad.com\/index.php\/wp-json\/wp\/v2\/posts"}],"about":[{"href":"https:\/\/defrentealaverdad.com\/index.php\/wp-json\/wp\/v2\/types\/post"}],"author":[{"embeddable":true,"href":"https:\/\/defrentealaverdad.com\/index.php\/wp-json\/wp\/v2\/users\/4"}],"replies":[{"embeddable":true,"href":"https:\/\/defrentealaverdad.com\/index.php\/wp-json\/wp\/v2\/comments?post=36196"}],"version-history":[{"count":2,"href":"https:\/\/defrentealaverdad.com\/index.php\/wp-json\/wp\/v2\/posts\/36196\/revisions"}],"predecessor-version":[{"id":36199,"href":"https:\/\/defrentealaverdad.com\/index.php\/wp-json\/wp\/v2\/posts\/36196\/revisions\/36199"}],"wp:featuredmedia":[{"embeddable":true,"href":"https:\/\/defrentealaverdad.com\/index.php\/wp-json\/wp\/v2\/media\/36197"}],"wp:attachment":[{"href":"https:\/\/defrentealaverdad.com\/index.php\/wp-json\/wp\/v2\/media?parent=36196"}],"wp:term":[{"taxonomy":"category","embeddable":true,"href":"https:\/\/defrentealaverdad.com\/index.php\/wp-json\/wp\/v2\/categories?post=36196"},{"taxonomy":"post_tag","embeddable":true,"href":"https:\/\/defrentealaverdad.com\/index.php\/wp-json\/wp\/v2\/tags?post=36196"}],"curies":[{"name":"wp","href":"https:\/\/api.w.org\/{rel}","templated":true}]}}