{"id":36191,"date":"2025-01-03T15:03:17","date_gmt":"2025-01-03T15:03:17","guid":{"rendered":"https:\/\/defrentealaverdad.com\/?p=36191"},"modified":"2025-01-03T15:03:17","modified_gmt":"2025-01-03T15:03:17","slug":"dirigente-de-la-adp-rechaza-cobro-compulsivo-del-inabima","status":"publish","type":"post","link":"https:\/\/defrentealaverdad.com\/index.php\/2025\/01\/03\/dirigente-de-la-adp-rechaza-cobro-compulsivo-del-inabima\/","title":{"rendered":"Dirigente de la ADP rechaza cobro compulsivo del Inabima"},"content":{"rendered":"<blockquote>\n<p style=\"text-align: justify;\">Maestros dicen \u00abNo al cobro compulsivo, del seguro de sobrevivencia a Jubilados y pensionados\u00bb.<\/p>\n<\/blockquote>\n<p style=\"text-align: justify;\">El dirigente nacional de la Asociasion Dominicana de Profesores (ADP) y miembro de la Corriente Magisterial Juan Pablo Duarte, rechaz\u00f3 el cobro compulsivo que el Instituto Nacional de Bienestar Magisterial (INABIMA), ha hecho a los profesores jubilados y pensionados.<img decoding=\"async\" class=\"size-medium wp-image-36193 alignright lazyload\" data-src=\"https:\/\/defrentealaverdad.com\/wp-content\/uploads\/2025\/01\/IMG-20250103-WA0024-258x300.jpg\" alt=\"\" width=\"258\" height=\"300\" data-srcset=\"https:\/\/defrentealaverdad.com\/wp-content\/uploads\/2025\/01\/IMG-20250103-WA0024-258x300.jpg 258w, https:\/\/defrentealaverdad.com\/wp-content\/uploads\/2025\/01\/IMG-20250103-WA0024-881x1024.jpg 881w, https:\/\/defrentealaverdad.com\/wp-content\/uploads\/2025\/01\/IMG-20250103-WA0024-768x892.jpg 768w, https:\/\/defrentealaverdad.com\/wp-content\/uploads\/2025\/01\/IMG-20250103-WA0024.jpg 1033w\" data-sizes=\"(max-width: 258px) 100vw, 258px\" src=\"data:image\/svg+xml;base64,PHN2ZyB3aWR0aD0iMSIgaGVpZ2h0PSIxIiB4bWxucz0iaHR0cDovL3d3dy53My5vcmcvMjAwMC9zdmciPjwvc3ZnPg==\" style=\"--smush-placeholder-width: 258px; --smush-placeholder-aspect-ratio: 258\/300;\" \/><\/p>\n<p style=\"text-align: justify;\">La Corriente Magisterial Pablo Duarte (CMJPD) califica de inapropiado e improcedente que despu\u00e9s de que el propio INABIMA le permiti\u00f3 renunciar a la mayor\u00eda de Maestros por no tener sobrevivientes lo vuelva a incluir en el seguro sin mediar ning\u00fan acuerdo.<\/p>\n<p style=\"text-align: justify;\"><img decoding=\"async\" class=\"size-medium wp-image-36194 alignleft lazyload\" data-src=\"https:\/\/defrentealaverdad.com\/wp-content\/uploads\/2025\/01\/IMG-20250103-WA0022-300x172.jpg\" alt=\"\" width=\"300\" height=\"172\" data-srcset=\"https:\/\/defrentealaverdad.com\/wp-content\/uploads\/2025\/01\/IMG-20250103-WA0022-300x172.jpg 300w, https:\/\/defrentealaverdad.com\/wp-content\/uploads\/2025\/01\/IMG-20250103-WA0022-1024x586.jpg 1024w, https:\/\/defrentealaverdad.com\/wp-content\/uploads\/2025\/01\/IMG-20250103-WA0022-768x440.jpg 768w, https:\/\/defrentealaverdad.com\/wp-content\/uploads\/2025\/01\/IMG-20250103-WA0022.jpg 1280w\" data-sizes=\"(max-width: 300px) 100vw, 300px\" src=\"data:image\/svg+xml;base64,PHN2ZyB3aWR0aD0iMSIgaGVpZ2h0PSIxIiB4bWxucz0iaHR0cDovL3d3dy53My5vcmcvMjAwMC9zdmciPjwvc3ZnPg==\" style=\"--smush-placeholder-width: 300px; --smush-placeholder-aspect-ratio: 300\/172;\" \/>Menegildo De La Rosa Secretario de Relaciones P\u00fablicas de la ADP propone buscar una salida que no perjudique ni al Inabima, ni a los jubilados cuyo deprimido sueldo no aguanta m\u00e1s descuentos<em>, \u00abnuestro planteamiento es que el Estado a trav\u00e9s del MINERD, asuma el pago que le corresponde al los jubilados\u00bb.<\/em><\/p>\n<p style=\"text-align: justify;\">Asimismo De La Rosa dijo \u00abLa Jan Pablo Duarte apoya la l\u00ednea del los profesores jubilados y pensionados por considerarla justa, todo jubilado que no tenga sobrevivientes, debe ser excluido del seguro de sobrivencia\u00bb.<\/p>\n<p>Fuente: Corriente Magisterial Pablo Duarte<\/p>\n","protected":false},"excerpt":{"rendered":"<p>Maestros dicen \u00abNo al cobro compulsivo, del seguro de sobrevivencia a Jubilados y pensionados\u00bb. El<\/p>\n","protected":false},"author":1,"featured_media":36192,"comment_status":"open","ping_status":"open","sticky":false,"template":"","format":"standard","meta":{"footnotes":""},"categories":[7],"tags":[],"class_list":["post-36191","post","type-post","status-publish","format-standard","has-post-thumbnail","hentry","category-nacionales"],"_links":{"self":[{"href":"https:\/\/defrentealaverdad.com\/index.php\/wp-json\/wp\/v2\/posts\/36191","targetHints":{"allow":["GET"]}}],"collection":[{"href":"https:\/\/defrentealaverdad.com\/index.php\/wp-json\/wp\/v2\/posts"}],"about":[{"href":"https:\/\/defrentealaverdad.com\/index.php\/wp-json\/wp\/v2\/types\/post"}],"author":[{"embeddable":true,"href":"https:\/\/defrentealaverdad.com\/index.php\/wp-json\/wp\/v2\/users\/1"}],"replies":[{"embeddable":true,"href":"https:\/\/defrentealaverdad.com\/index.php\/wp-json\/wp\/v2\/comments?post=36191"}],"version-history":[{"count":1,"href":"https:\/\/defrentealaverdad.com\/index.php\/wp-json\/wp\/v2\/posts\/36191\/revisions"}],"predecessor-version":[{"id":36195,"href":"https:\/\/defrentealaverdad.com\/index.php\/wp-json\/wp\/v2\/posts\/36191\/revisions\/36195"}],"wp:featuredmedia":[{"embeddable":true,"href":"https:\/\/defrentealaverdad.com\/index.php\/wp-json\/wp\/v2\/media\/36192"}],"wp:attachment":[{"href":"https:\/\/defrentealaverdad.com\/index.php\/wp-json\/wp\/v2\/media?parent=36191"}],"wp:term":[{"taxonomy":"category","embeddable":true,"href":"https:\/\/defrentealaverdad.com\/index.php\/wp-json\/wp\/v2\/categories?post=36191"},{"taxonomy":"post_tag","embeddable":true,"href":"https:\/\/defrentealaverdad.com\/index.php\/wp-json\/wp\/v2\/tags?post=36191"}],"curies":[{"name":"wp","href":"https:\/\/api.w.org\/{rel}","templated":true}]}}