{"id":36183,"date":"2025-01-03T14:59:37","date_gmt":"2025-01-03T14:59:37","guid":{"rendered":"https:\/\/defrentealaverdad.com\/?p=36183"},"modified":"2025-01-03T15:00:23","modified_gmt":"2025-01-03T15:00:23","slug":"centro-educativo-imara-celebra-su-tradicional-velada-navidena","status":"publish","type":"post","link":"https:\/\/defrentealaverdad.com\/index.php\/2025\/01\/03\/centro-educativo-imara-celebra-su-tradicional-velada-navidena\/","title":{"rendered":"Centro Educativo Imara celebra su tradicional Velada Navide\u00f1a"},"content":{"rendered":"<blockquote>\n<p style=\"text-align: justify;\">La magia de la navidad nos llena de alegr\u00eda, paz, amor y bendiciones.<\/p>\n<\/blockquote>\n<p style=\"text-align: justify;\"><strong>SANTO DOMINGO.-<\/strong> El Centro Educativo Imara (CEI) celebr\u00f3 la Velada Navide\u00f1a 2024 en el sal\u00f3n de eventos Osiris Grull\u00f3n, en Santo Domingo Este.<img decoding=\"async\" class=\"size-medium wp-image-36184 alignright lazyload\" data-src=\"https:\/\/defrentealaverdad.com\/wp-content\/uploads\/2025\/01\/IMG-20250103-WA0017-225x300.jpg\" alt=\"\" width=\"225\" height=\"300\" data-srcset=\"https:\/\/defrentealaverdad.com\/wp-content\/uploads\/2025\/01\/IMG-20250103-WA0017-225x300.jpg 225w, https:\/\/defrentealaverdad.com\/wp-content\/uploads\/2025\/01\/IMG-20250103-WA0017-768x1024.jpg 768w, https:\/\/defrentealaverdad.com\/wp-content\/uploads\/2025\/01\/IMG-20250103-WA0017-450x600.jpg 450w, https:\/\/defrentealaverdad.com\/wp-content\/uploads\/2025\/01\/IMG-20250103-WA0017.jpg 1086w\" data-sizes=\"(max-width: 225px) 100vw, 225px\" src=\"data:image\/svg+xml;base64,PHN2ZyB3aWR0aD0iMSIgaGVpZ2h0PSIxIiB4bWxucz0iaHR0cDovL3d3dy53My5vcmcvMjAwMC9zdmciPjwvc3ZnPg==\" style=\"--smush-placeholder-width: 225px; --smush-placeholder-aspect-ratio: 225\/300;\" \/><\/p>\n<p style=\"text-align: justify;\">Con amor, alegr\u00eda y gratitud es un momento muy especial para reunira toda la familia educativa del CEI y compatir el esp\u00edritu navide\u00f1o atrav\u00e9s del arte, m\u00fasica y reflexiones que inspiran.<\/p>\n<p style=\"text-align: justify;\">Las palabras de bienvenida estuvo a cargo de la directora del centro, licenciada Mar\u00eda Altagracia M\u00e9ndez, y con mucha alegr\u00eda destac\u00f3 la importancia de celebrar juntos, como una gran familia.<\/p>\n<p style=\"text-align: justify;\">Imara Olivo y Ra\u00fal Fern\u00e1ndez, estuvieron a cargo de la maestr\u00eda de ceremonias.<\/p>\n<p style=\"text-align: justify;\"><img decoding=\"async\" class=\"size-medium wp-image-36187 alignleft lazyload\" data-src=\"https:\/\/defrentealaverdad.com\/wp-content\/uploads\/2025\/01\/IMG-20250103-WA0020-300x225.jpg\" alt=\"\" width=\"300\" height=\"225\" data-srcset=\"https:\/\/defrentealaverdad.com\/wp-content\/uploads\/2025\/01\/IMG-20250103-WA0020-300x225.jpg 300w, https:\/\/defrentealaverdad.com\/wp-content\/uploads\/2025\/01\/IMG-20250103-WA0020-1024x768.jpg 1024w, https:\/\/defrentealaverdad.com\/wp-content\/uploads\/2025\/01\/IMG-20250103-WA0020-768x576.jpg 768w, https:\/\/defrentealaverdad.com\/wp-content\/uploads\/2025\/01\/IMG-20250103-WA0020-720x540.jpg 720w, https:\/\/defrentealaverdad.com\/wp-content\/uploads\/2025\/01\/IMG-20250103-WA0020.jpg 1448w\" data-sizes=\"(max-width: 300px) 100vw, 300px\" src=\"data:image\/svg+xml;base64,PHN2ZyB3aWR0aD0iMSIgaGVpZ2h0PSIxIiB4bWxucz0iaHR0cDovL3d3dy53My5vcmcvMjAwMC9zdmciPjwvc3ZnPg==\" style=\"--smush-placeholder-width: 300px; --smush-placeholder-aspect-ratio: 300\/225;\" \/>En el Centro Educativo Imara, se celebra no solo el nacimiento de una tradici\u00f3n, sino tambi\u00e9n el crecimiento de nuestros estudiantes, el apoyo de las familias y el esfuerzo incondicional de cada maestro, expreso M\u00e9ndez.<\/p>\n<p style=\"text-align: justify;\">Esta hermosa velada llena de amoy uni\u00f3n cont\u00f3 con el apoyo y dedicaci\u00f3n de su personal docente, Linette Exclusividades, K&#8217; Lazosrd, Creaciones Mekaddesh, Katerine Decoraciones, Dominic Astacio, Ashley Ortega, Lumy Bakery, Yomarky Reyez y Gregorio S\u00e1nchez.<\/p>\n<p><strong>Sobre el CEI<\/strong><\/p>\n<p style=\"text-align: justify;\">El Centro Educativo Imara se fund\u00f3 en 1998 con<img decoding=\"async\" class=\"size-medium wp-image-36185 alignright lazyload\" data-src=\"https:\/\/defrentealaverdad.com\/wp-content\/uploads\/2025\/01\/IMG-20250103-WA0018-225x300.jpg\" alt=\"\" width=\"225\" height=\"300\" data-srcset=\"https:\/\/defrentealaverdad.com\/wp-content\/uploads\/2025\/01\/IMG-20250103-WA0018-225x300.jpg 225w, https:\/\/defrentealaverdad.com\/wp-content\/uploads\/2025\/01\/IMG-20250103-WA0018-768x1024.jpg 768w, https:\/\/defrentealaverdad.com\/wp-content\/uploads\/2025\/01\/IMG-20250103-WA0018-450x600.jpg 450w, https:\/\/defrentealaverdad.com\/wp-content\/uploads\/2025\/01\/IMG-20250103-WA0018.jpg 1086w\" data-sizes=\"(max-width: 225px) 100vw, 225px\" src=\"data:image\/svg+xml;base64,PHN2ZyB3aWR0aD0iMSIgaGVpZ2h0PSIxIiB4bWxucz0iaHR0cDovL3d3dy53My5vcmcvMjAwMC9zdmciPjwvc3ZnPg==\" style=\"--smush-placeholder-width: 225px; --smush-placeholder-aspect-ratio: 225\/300;\" \/>\u00a0una iniciativa de la licenciada Mar\u00eda Altagracia M\u00e9ndez, motivada por su pasi\u00f3n por los ni\u00f1os y las necesidades del sector.<\/p>\n<p style=\"text-align: justify;\">Desde su creaci\u00f3n, el CEI ha crecido de manera positiva y constante la cual refleja el compromiso de la excelencia acad\u00e9mica y la formaci\u00f3n integral de los estudiantes, guiados por los principios cristianos, con un enfoque en la preparaci\u00f3n y dedicaci\u00f3n del docente calificado para el aprendizaje y el desarrollo de nuestros estudiantes.<\/p>\n<p>Fuente: Prensa CEI<\/p>\n","protected":false},"excerpt":{"rendered":"<p>La magia de la navidad nos llena de alegr\u00eda, paz, amor y bendiciones. SANTO DOMINGO.-<\/p>\n","protected":false},"author":2,"featured_media":36188,"comment_status":"open","ping_status":"open","sticky":false,"template":"","format":"standard","meta":{"footnotes":""},"categories":[7],"tags":[],"class_list":["post-36183","post","type-post","status-publish","format-standard","has-post-thumbnail","hentry","category-nacionales"],"_links":{"self":[{"href":"https:\/\/defrentealaverdad.com\/index.php\/wp-json\/wp\/v2\/posts\/36183","targetHints":{"allow":["GET"]}}],"collection":[{"href":"https:\/\/defrentealaverdad.com\/index.php\/wp-json\/wp\/v2\/posts"}],"about":[{"href":"https:\/\/defrentealaverdad.com\/index.php\/wp-json\/wp\/v2\/types\/post"}],"author":[{"embeddable":true,"href":"https:\/\/defrentealaverdad.com\/index.php\/wp-json\/wp\/v2\/users\/2"}],"replies":[{"embeddable":true,"href":"https:\/\/defrentealaverdad.com\/index.php\/wp-json\/wp\/v2\/comments?post=36183"}],"version-history":[{"count":2,"href":"https:\/\/defrentealaverdad.com\/index.php\/wp-json\/wp\/v2\/posts\/36183\/revisions"}],"predecessor-version":[{"id":36190,"href":"https:\/\/defrentealaverdad.com\/index.php\/wp-json\/wp\/v2\/posts\/36183\/revisions\/36190"}],"wp:featuredmedia":[{"embeddable":true,"href":"https:\/\/defrentealaverdad.com\/index.php\/wp-json\/wp\/v2\/media\/36188"}],"wp:attachment":[{"href":"https:\/\/defrentealaverdad.com\/index.php\/wp-json\/wp\/v2\/media?parent=36183"}],"wp:term":[{"taxonomy":"category","embeddable":true,"href":"https:\/\/defrentealaverdad.com\/index.php\/wp-json\/wp\/v2\/categories?post=36183"},{"taxonomy":"post_tag","embeddable":true,"href":"https:\/\/defrentealaverdad.com\/index.php\/wp-json\/wp\/v2\/tags?post=36183"}],"curies":[{"name":"wp","href":"https:\/\/api.w.org\/{rel}","templated":true}]}}