{"id":3618,"date":"2023-02-10T12:59:18","date_gmt":"2023-02-10T12:59:18","guid":{"rendered":"https:\/\/defrentealaverdad.com\/?p=3618"},"modified":"2023-02-10T13:00:54","modified_gmt":"2023-02-10T13:00:54","slug":"autoridades-mescyt-valoran-liderazgo-militar-en-la-educacion-superior","status":"publish","type":"post","link":"https:\/\/defrentealaverdad.com\/index.php\/2023\/02\/10\/autoridades-mescyt-valoran-liderazgo-militar-en-la-educacion-superior\/","title":{"rendered":"Autoridades MESCyT valoran liderazgo militar en la educaci\u00f3n superior"},"content":{"rendered":"<p style=\"text-align: justify;\">Por Felix Rubio<\/p>\n<div style=\"text-align: justify;\"><img decoding=\"async\" class=\"aligncenter lazyload\" data-src=\"https:\/\/blogger.googleusercontent.com\/img\/b\/R29vZ2xl\/AVvXsEi8Vo-5k3VgUmu6TE6xcAqDiJTD5O2WJdRHgzmjFF4FlWCw_iC9aqjXUOpYQ5tkKh7BpIUUGX5eYY3PTEZ8U2tHTgUnQWkiZ5SG7J1oIwMQ2OJyeKglyjdrnkzfC8TN8SnfTe8pODZEvD2XTLc_CuPqDLq-FPPvmZjn6VN8Jw6fIUR12GanS5NptK90\/w400-h266\/IMG-20230209-WA0142.jpg\" src=\"data:image\/svg+xml;base64,PHN2ZyB3aWR0aD0iMSIgaGVpZ2h0PSIxIiB4bWxucz0iaHR0cDovL3d3dy53My5vcmcvMjAwMC9zdmciPjwvc3ZnPg==\" \/><\/div>\n<div style=\"text-align: justify;\">SANTO DOMINGO. &#8211; Autoridades del Ministerio de Educaci\u00f3n Superior, Ciencia y Tecnolog\u00eda (MESCyT), resaltaron el inter\u00e9s, el trabajo continuo y la excelencia acad\u00e9mica demostrada en los \u00faltimos a\u00f1os por el Instituto Superior para la Defensa \u201cGeneral Juan Pablo Duarte y D\u00edez\u201d (INSUDE), del Ministerio de Defensa (MIDE), en la formaci\u00f3n de las capacidades de civiles y los militares para la defensa y la seguridad nacional, en el nivel superior.<\/div>\n<div style=\"text-align: justify;\">\n<p>La valoraci\u00f3n, formulada por el Viceministro de Evaluaci\u00f3n y Acreditaci\u00f3n del MESCyT, Doctor Juan Francisco Viloria Santos, estuvieron enmarcadas dentro del proceso de la Evaluaci\u00f3n Quinquenal que viene desarrollando el MESCyT a las Instituciones de Educaci\u00f3n Superior (IES) del pa\u00eds. Durante la actividad se reafirman los niveles y est\u00e1ndares de calidad de la ense\u00f1anza superior que imparten y el fortalecimiento institucional alcanzado.<\/p>\n<p>El pasado lunes, pares evaluadores externos del MESCyT iniciaron un proceso en el cual, t\u00e9cnicos locales y extranjeros, auditar\u00e1n ocho (8) dimensiones representadas en novecientos nueve (909) indicadores y novecientas quince (915) evidencias presentadas por el comit\u00e9 interno de autoevaluaci\u00f3n del INSUDE (CIAE), en funci\u00f3n de los requerimientos de desarrollo y transformaci\u00f3n institucional contemplados en el art\u00edculo 63 de la Ley de Educaci\u00f3n Superior, Ciencia y Tecnolog\u00eda.<\/p>\n<\/div>\n<div style=\"text-align: justify;\"><\/div>\n<div style=\"text-align: justify;\"><\/div>\n<div style=\"text-align: justify;\">\n<div class=\"separator\"><a href=\"https:\/\/blogger.googleusercontent.com\/img\/b\/R29vZ2xl\/AVvXsEjpcxvpfTDNkIwlcEnJniAP6-ZqBN9AnmPXfqjWOmL5LXmE9NLdrup2ws60EiBb_pVV3TGB-gILEPh74EROAgnAlF2MpYLrbTNrI5ECyYij_3yMT1502XhV7VkLdeR9yWRr6r5BWkAT9XbqEUgXoU_GHXZOpayVuhYQASg9ts_ypot_txjmXeZB961i\/s1024\/IMG-20230209-WA0139.jpg\"><img decoding=\"async\" class=\"aligncenter lazyload\" data-src=\"https:\/\/blogger.googleusercontent.com\/img\/b\/R29vZ2xl\/AVvXsEjpcxvpfTDNkIwlcEnJniAP6-ZqBN9AnmPXfqjWOmL5LXmE9NLdrup2ws60EiBb_pVV3TGB-gILEPh74EROAgnAlF2MpYLrbTNrI5ECyYij_3yMT1502XhV7VkLdeR9yWRr6r5BWkAT9XbqEUgXoU_GHXZOpayVuhYQASg9ts_ypot_txjmXeZB961i\/s320\/IMG-20230209-WA0139.jpg\" width=\"320\" height=\"213\" border=\"0\" data-original-height=\"680\" data-original-width=\"1024\" src=\"data:image\/svg+xml;base64,PHN2ZyB3aWR0aD0iMSIgaGVpZ2h0PSIxIiB4bWxucz0iaHR0cDovL3d3dy53My5vcmcvMjAwMC9zdmciPjwvc3ZnPg==\" style=\"--smush-placeholder-width: 320px; --smush-placeholder-aspect-ratio: 320\/213;\" \/><\/a><\/div>\n<\/div>\n<div style=\"text-align: justify;\"><\/div>\n<div>\n<p>En el acto de recibimiento de los pares evaluadores en el INSUDE, estuvieron presentes el Ministro de Defensa, Teniente General Carlos Luciano D\u00edaz Morfa, ERD., el Vicealmirante Ram\u00f3n Gustavo Betances Hern\u00e1ndez, ARD., Viceministro de Defensa para Asuntos navales y Costeros acompa\u00f1ado del rector del INSUDE, General de Brigada Francisco Antonio Ovalle Pichardo, ERD<\/p>\n<p>Asimismo, el se\u00f1or Viceministro Viloria present\u00f3 a los evaluadores externos, el Doctor V\u00edctor Cab Pech, evaluador de la Red Iberoamericana para el Aseguramiento de la Calidad de Educaci\u00f3n Superior (RIACES), de M\u00e9xico en conexi\u00f3n virtual; la Maestra Solange Rom\u00e1n y la Doctora Olga Basora, pares evaluadoras del MESCyT, quienes intercambiaron ideas y opiniones como parte<\/p>\n<p>&nbsp;<\/p>\n<p>Fuente: Comunicaciones INSUDE<\/p>\n<\/div>\n","protected":false},"excerpt":{"rendered":"<p>Por Felix Rubio SANTO DOMINGO. &#8211; Autoridades del Ministerio de Educaci\u00f3n Superior, Ciencia y Tecnolog\u00eda<\/p>\n","protected":false},"author":1,"featured_media":0,"comment_status":"open","ping_status":"open","sticky":false,"template":"","format":"standard","meta":{"footnotes":""},"categories":[7],"tags":[],"class_list":["post-3618","post","type-post","status-publish","format-standard","hentry","category-nacionales"],"_links":{"self":[{"href":"https:\/\/defrentealaverdad.com\/index.php\/wp-json\/wp\/v2\/posts\/3618","targetHints":{"allow":["GET"]}}],"collection":[{"href":"https:\/\/defrentealaverdad.com\/index.php\/wp-json\/wp\/v2\/posts"}],"about":[{"href":"https:\/\/defrentealaverdad.com\/index.php\/wp-json\/wp\/v2\/types\/post"}],"author":[{"embeddable":true,"href":"https:\/\/defrentealaverdad.com\/index.php\/wp-json\/wp\/v2\/users\/1"}],"replies":[{"embeddable":true,"href":"https:\/\/defrentealaverdad.com\/index.php\/wp-json\/wp\/v2\/comments?post=3618"}],"version-history":[{"count":4,"href":"https:\/\/defrentealaverdad.com\/index.php\/wp-json\/wp\/v2\/posts\/3618\/revisions"}],"predecessor-version":[{"id":3622,"href":"https:\/\/defrentealaverdad.com\/index.php\/wp-json\/wp\/v2\/posts\/3618\/revisions\/3622"}],"wp:attachment":[{"href":"https:\/\/defrentealaverdad.com\/index.php\/wp-json\/wp\/v2\/media?parent=3618"}],"wp:term":[{"taxonomy":"category","embeddable":true,"href":"https:\/\/defrentealaverdad.com\/index.php\/wp-json\/wp\/v2\/categories?post=3618"},{"taxonomy":"post_tag","embeddable":true,"href":"https:\/\/defrentealaverdad.com\/index.php\/wp-json\/wp\/v2\/tags?post=3618"}],"curies":[{"name":"wp","href":"https:\/\/api.w.org\/{rel}","templated":true}]}}