{"id":36170,"date":"2025-01-03T03:33:58","date_gmt":"2025-01-03T03:33:58","guid":{"rendered":"https:\/\/defrentealaverdad.com\/?p=36170"},"modified":"2025-01-03T03:33:58","modified_gmt":"2025-01-03T03:33:58","slug":"saymon-diaz-asegura-la-funcion-del-domingo-sera-la-mejor-presentacion-de-cerrando-ciclos-en-el-quisqueya","status":"publish","type":"post","link":"https:\/\/defrentealaverdad.com\/index.php\/2025\/01\/03\/saymon-diaz-asegura-la-funcion-del-domingo-sera-la-mejor-presentacion-de-cerrando-ciclos-en-el-quisqueya\/","title":{"rendered":"Saymon D\u00edaz asegura la funci\u00f3n del domingo ser\u00e1 la mejor presentaci\u00f3n de \u00abCerrando Ciclos\u00bb en el Quisqueya"},"content":{"rendered":"<header class=\"entry-header\"><\/header>\n<div class=\"entry-content\">\n<div id=\"st-1\" class=\"sharethis-inline-share-buttons st-center st-lang-es st-has-labels  st-inline-share-buttons st-animated\">\n<blockquote>\n<div class=\"st-btn st-last st-remove-label\" style=\"text-align: justify;\" data-network=\"whatsapp\"><em><strong>Chris Lebr\u00f3n y El Blachy repiten como teloneros de Aventura.<\/strong><\/em><\/div>\n<\/blockquote>\n<\/div>\n<p style=\"text-align: justify;\">El productor art\u00edstico Saymon D\u00edaz ofreci\u00f3 detalles este jueves de lo que ser\u00e1 la cuarta funci\u00f3n del concierto \u201cCerrando Ciclos\u201d del grupo Aventura, que se llevar\u00e1 a cabo este domingo 5 de enero en el Estadio Ol\u00edmpico F\u00e9lix S\u00e1nchez.<\/p>\n<p style=\"text-align: justify;\">D\u00edaz asegur\u00f3 que esta ser\u00e1 la mejor presentaci\u00f3n de las cuatro en todos los sentidos, ya que est\u00e1n mejorando los detalles que pasaron en las tres primeras a nivel de log\u00edstica.<\/p>\n<p style=\"text-align: justify;\">Despu\u00e9s de tres exitosas fundaciones seguidas, donde se dieron cita unos 50 mil fan\u00e1ticos por cada una, la cuarta ha despertado las mayores expectativas y entusiasmo, y para ir en consonancia con la visi\u00f3n que se tiene del evento, el productor prometi\u00f3 que la siguiente ser\u00e1 diferente.<\/p>\n<p style=\"text-align: justify;\">A parte de la tarima, dijo que todo lo dem\u00e1s se est\u00e1 montando de nuevo, como es el caso de la ubicaci\u00f3n de los ba\u00f1os, la comida, los bares, etc., es decir, que todo el que repita va a notar algo diferente.<\/p>\n<p style=\"text-align: justify;\">Los teloneros seguir\u00e1n siendo Chris Lebr\u00f3n y El Blachy. Aunque hay muchas especulaciones sobre los posibles invitados de Aventura, Saymon D\u00edaz aclar\u00f3 que \u00e9l no tiene conocimiento de esa parte, que eso lo maneja la agrupaci\u00f3n directamente, al igual que muchas de las cosas que hacen en el escenario.<\/p>\n<\/div>\n<p>&nbsp;<\/p>\n<p>Fuente: SD Concerts<\/p>\n","protected":false},"excerpt":{"rendered":"<p>Chris Lebr\u00f3n y El Blachy repiten como teloneros de Aventura. El productor art\u00edstico Saymon D\u00edaz<\/p>\n","protected":false},"author":1,"featured_media":36171,"comment_status":"open","ping_status":"open","sticky":false,"template":"","format":"standard","meta":{"footnotes":""},"categories":[6],"tags":[],"class_list":["post-36170","post","type-post","status-publish","format-standard","has-post-thumbnail","hentry","category-espectaculos"],"_links":{"self":[{"href":"https:\/\/defrentealaverdad.com\/index.php\/wp-json\/wp\/v2\/posts\/36170","targetHints":{"allow":["GET"]}}],"collection":[{"href":"https:\/\/defrentealaverdad.com\/index.php\/wp-json\/wp\/v2\/posts"}],"about":[{"href":"https:\/\/defrentealaverdad.com\/index.php\/wp-json\/wp\/v2\/types\/post"}],"author":[{"embeddable":true,"href":"https:\/\/defrentealaverdad.com\/index.php\/wp-json\/wp\/v2\/users\/1"}],"replies":[{"embeddable":true,"href":"https:\/\/defrentealaverdad.com\/index.php\/wp-json\/wp\/v2\/comments?post=36170"}],"version-history":[{"count":1,"href":"https:\/\/defrentealaverdad.com\/index.php\/wp-json\/wp\/v2\/posts\/36170\/revisions"}],"predecessor-version":[{"id":36172,"href":"https:\/\/defrentealaverdad.com\/index.php\/wp-json\/wp\/v2\/posts\/36170\/revisions\/36172"}],"wp:featuredmedia":[{"embeddable":true,"href":"https:\/\/defrentealaverdad.com\/index.php\/wp-json\/wp\/v2\/media\/36171"}],"wp:attachment":[{"href":"https:\/\/defrentealaverdad.com\/index.php\/wp-json\/wp\/v2\/media?parent=36170"}],"wp:term":[{"taxonomy":"category","embeddable":true,"href":"https:\/\/defrentealaverdad.com\/index.php\/wp-json\/wp\/v2\/categories?post=36170"},{"taxonomy":"post_tag","embeddable":true,"href":"https:\/\/defrentealaverdad.com\/index.php\/wp-json\/wp\/v2\/tags?post=36170"}],"curies":[{"name":"wp","href":"https:\/\/api.w.org\/{rel}","templated":true}]}}