{"id":36164,"date":"2025-01-03T03:30:19","date_gmt":"2025-01-03T03:30:19","guid":{"rendered":"https:\/\/defrentealaverdad.com\/?p=36164"},"modified":"2025-01-03T03:30:19","modified_gmt":"2025-01-03T03:30:19","slug":"el-nuevo-gobierno-de-puerto-rico-toma-posesion-en-medio-de-un-ambiente-polarizado","status":"publish","type":"post","link":"https:\/\/defrentealaverdad.com\/index.php\/2025\/01\/03\/el-nuevo-gobierno-de-puerto-rico-toma-posesion-en-medio-de-un-ambiente-polarizado\/","title":{"rendered":"El nuevo Gobierno de Puerto Rico toma posesi\u00f3n en medio de un ambiente polarizado"},"content":{"rendered":"<header class=\"entry-header\"><\/header>\n<div class=\"entry-content\">\n<div id=\"st-1\" class=\"sharethis-inline-share-buttons st-center st-lang-es st-has-labels  st-inline-share-buttons st-animated\">\n<div class=\"st-btn st-last st-remove-label\" style=\"text-align: justify;\" data-network=\"whatsapp\">El nuevo Gobierno puertorrique\u00f1o, encabezado por Jenniffer Gonz\u00e1lez, tom\u00f3 posesi\u00f3n este jueves con promesas de \u201cconstruir un nuevo Puerto Rico, de oportunidades\u201d, en unos actos protocolarios salpicados por algunas protestas e incidentes.<\/div>\n<\/div>\n<div id=\"advads-080fb63451ef3a5e8e46af1b386e757d\" class=\"advads-080fb63451ef3a5e8e46af1b386e757d advads-content-first-paragraph\" style=\"text-align: justify;\">\n<div id=\"advads-1756010221\" class=\"advads-content-first-paragraph\">\n<div id=\"advads-1704989358\" data-advads-trackid=\"433515\" data-advads-trackbid=\"1\">Gonz\u00e1lez, quien gan\u00f3 las elecciones del pasado 5 de noviembre con el 41 % de los votos, asegur\u00f3 en su discurso que va a ser \u201cla gobernadora de todos los puertorrique\u00f1os\u201d y que en Puerto Rico \u201cno va a haber anarqu\u00eda\u201d.<\/div>\n<\/div>\n<\/div>\n<p style=\"text-align: justify;\">En los incidentes registrados, algunos manifestantes gritaron \u2018Muerte al PNP\u2019, en alusi\u00f3n al Partido Nuevo Progresista de Gonz\u00e1lez, o llevaron ese lema en sus camisetas, en una continuaci\u00f3n del ambiente polarizado vivido durante las elecciones.<\/p>\n<p style=\"text-align: justify;\">El PNP tambi\u00e9n tiene en este cuatrienio el control de la C\u00e1mara de Representantes y el Senado, cuyos miembros juraron en esta jornada sus cargos, quedando en la oposici\u00f3n el Partido Popular Democr\u00e1tico, el Partido Independentista Puertorrique\u00f1o y Proyecto Dignidad.<\/p>\n<p style=\"text-align: justify;\">\u00c9nfasis en el estatus pol\u00edtico y la reconstrucci\u00f3n<\/p>\n<p style=\"text-align: justify;\">En su mensaje tras tomar posesi\u00f3n del cargo, la gobernadora prometi\u00f3 luchar por \u201cla igualdad plena para todos los puertorrique\u00f1os\u201d que, a su juicio, se lograr\u00e1 con la anexi\u00f3n de la isla a Estados Unidos.<\/p>\n<div id=\"advads-23d53163fe687338142c1c4383a833cf\" class=\"advads-23d53163fe687338142c1c4383a833cf advads-content-middle\" style=\"text-align: justify;\">\n<div id=\"advads-1319357960\" class=\"advads-content-middle\">La <strong>desigualdad<\/strong>\u00a0que vive el\u00a0<strong>pueblo<\/strong>\u00a0de\u00a0<strong>Puerto<\/strong>\u00a0Rico la combatir\u00e9 con toda mi fuerza\u201d, dijo Gonz\u00e1lez, quien se convirti\u00f3 este jueves en la segunda gobernadora electa de la isla.<\/div>\n<\/div>\n<p style=\"text-align: justify;\"><strong>Puerto<\/strong>\u00a0Rico, que es en la actualidad un Estado Libre Asociado a EE.UU., pretende que Washington apruebe un refer\u00e9ndum vinculante para que la isla decida entre \u2018estadidad\u2019 (<strong>anexi\u00f3n<\/strong>), independencia o soberan\u00eda en libre asociaci\u00f3n.<\/p>\n<p style=\"text-align: justify;\">\u201cMi visi\u00f3n de un\u00a0<strong>Gobierno<\/strong>\u00a0no es de construcci\u00f3n de grandes obras, pero s\u00ed de una\u00a0<strong>infraestructura<\/strong>\u00a0que funcione\u201d, subray\u00f3 la gobernadora, consciente del descontento ciudadano con la fragilidad de la red el\u00e9ctrica tras ocurrir un apag\u00f3n masivo hace tan solo dos d\u00edas por una aver\u00eda.<\/p>\n<p style=\"text-align: justify;\">Las principales\u00a0<strong>figuras<\/strong>\u00a0del\u00a0<strong>Gobierno<\/strong>\u00a0son Ver\u00f3nica Ferraiuol, secretaria de Estado; Janet Parra, secretaria de Justicia; Eliezer Ramos, secretario de Educaci\u00f3n; V\u00edctor Ramos, secretario de Salud; y Arturo Garffer, secretario del Departamento de Seguridad P\u00fablica.<\/p>\n<p style=\"text-align: justify;\">Tras el acto oficial de toma de posesi\u00f3n, Gonz\u00e1lez realiz\u00f3 un\u00a0<strong>recorrido<\/strong>\u00a0por el Viejo San Juan de camino a La Fortaleza (sede del Ejecutivo) en el que demostr\u00f3 una vez m\u00e1s su perfil populista y cercano al\u00a0<strong>pueblo<\/strong>.<\/p>\n<p>Fuente: RC Noticias<\/p>\n<\/div>\n","protected":false},"excerpt":{"rendered":"<p>El nuevo Gobierno puertorrique\u00f1o, encabezado por Jenniffer Gonz\u00e1lez, tom\u00f3 posesi\u00f3n este jueves con promesas de<\/p>\n","protected":false},"author":4,"featured_media":36165,"comment_status":"open","ping_status":"open","sticky":false,"template":"","format":"standard","meta":{"footnotes":""},"categories":[16],"tags":[],"class_list":["post-36164","post","type-post","status-publish","format-standard","has-post-thumbnail","hentry","category-internacionales"],"_links":{"self":[{"href":"https:\/\/defrentealaverdad.com\/index.php\/wp-json\/wp\/v2\/posts\/36164","targetHints":{"allow":["GET"]}}],"collection":[{"href":"https:\/\/defrentealaverdad.com\/index.php\/wp-json\/wp\/v2\/posts"}],"about":[{"href":"https:\/\/defrentealaverdad.com\/index.php\/wp-json\/wp\/v2\/types\/post"}],"author":[{"embeddable":true,"href":"https:\/\/defrentealaverdad.com\/index.php\/wp-json\/wp\/v2\/users\/4"}],"replies":[{"embeddable":true,"href":"https:\/\/defrentealaverdad.com\/index.php\/wp-json\/wp\/v2\/comments?post=36164"}],"version-history":[{"count":1,"href":"https:\/\/defrentealaverdad.com\/index.php\/wp-json\/wp\/v2\/posts\/36164\/revisions"}],"predecessor-version":[{"id":36166,"href":"https:\/\/defrentealaverdad.com\/index.php\/wp-json\/wp\/v2\/posts\/36164\/revisions\/36166"}],"wp:featuredmedia":[{"embeddable":true,"href":"https:\/\/defrentealaverdad.com\/index.php\/wp-json\/wp\/v2\/media\/36165"}],"wp:attachment":[{"href":"https:\/\/defrentealaverdad.com\/index.php\/wp-json\/wp\/v2\/media?parent=36164"}],"wp:term":[{"taxonomy":"category","embeddable":true,"href":"https:\/\/defrentealaverdad.com\/index.php\/wp-json\/wp\/v2\/categories?post=36164"},{"taxonomy":"post_tag","embeddable":true,"href":"https:\/\/defrentealaverdad.com\/index.php\/wp-json\/wp\/v2\/tags?post=36164"}],"curies":[{"name":"wp","href":"https:\/\/api.w.org\/{rel}","templated":true}]}}