{"id":3616,"date":"2023-02-10T00:37:05","date_gmt":"2023-02-10T00:37:05","guid":{"rendered":"https:\/\/defrentealaverdad.com\/?p=3616"},"modified":"2023-02-10T00:37:05","modified_gmt":"2023-02-10T00:37:05","slug":"escuelas-vocacionales-y-onesvie-articularan-acciones-para-sensibilizar-sobre-prevencion-de-la-vulnerabilidad-sismica","status":"publish","type":"post","link":"https:\/\/defrentealaverdad.com\/index.php\/2023\/02\/10\/escuelas-vocacionales-y-onesvie-articularan-acciones-para-sensibilizar-sobre-prevencion-de-la-vulnerabilidad-sismica\/","title":{"rendered":"Escuelas Vocacionales y Onesvie articular\u00e1n acciones\u00a0 para sensibilizar sobre prevenci\u00f3n de la vulnerabilidad s\u00edsmica"},"content":{"rendered":"<div id=\"body-wrapper\" class=\"item\">\n<div id=\"content-wrapper\" class=\"body-row\">\n<div id=\"main-wrapper\">\n<div id=\"main\" class=\"main section\">\n<div id=\"Blog1\" class=\"widget Blog\" data-version=\"1\">\n<div class=\"blog-posts hfeed\">\n<div class=\"date-outer\">\n<div class=\"date-posts\">\n<div class=\"post-outer\">\n<div class=\"post hentry\">\n<article>\n<div id=\"post-body-2076011691168120075\" class=\"post-body entry-content\">\n<p>&nbsp;<\/p>\n<div class=\"separator\">Por F\u00e9lix Rubio<\/div>\n<p>Santo Domingo.-El director general de las Escuelas Vocacionales de las Fuerzas Armadas y de la Polic\u00eda Nacional (DIGEV), Mayor General ERD; Juan Jos\u00e9 Ota\u00f1o Jim\u00e9nez; recibi\u00f3 en su despacho la visita del director general de la Oficina Nacional de Evaluaci\u00f3n S\u00edsmica y Vulnerabilidad de Infraestructura y Edificaciones (Onesvie), ingeniero Leandro Reyes Madera.<\/p>\n<div class=\"separator\"><a href=\"https:\/\/blogger.googleusercontent.com\/img\/b\/R29vZ2xl\/AVvXsEgFbTgWXwGwamZfc9O_lcOQXif5Fg9JFtO_4-jBktJnQihhtJmTqLERyJT-M9INhe2qRmKcBd8f1rK-P6kbiFz1Zb0XexIfdTzXxK_MOeeNT6GiPRrPk8sSwrDq4u8JDE3MqFpzG6PhyjssQEeNu4cfMdhvlDGy_JjrH8jROYvuJ6iihSXYv8SVEj1qUA\/s1024\/IMG-20230209-WA0013.jpg\"><img decoding=\"async\" data-src=\"https:\/\/blogger.googleusercontent.com\/img\/b\/R29vZ2xl\/AVvXsEgFbTgWXwGwamZfc9O_lcOQXif5Fg9JFtO_4-jBktJnQihhtJmTqLERyJT-M9INhe2qRmKcBd8f1rK-P6kbiFz1Zb0XexIfdTzXxK_MOeeNT6GiPRrPk8sSwrDq4u8JDE3MqFpzG6PhyjssQEeNu4cfMdhvlDGy_JjrH8jROYvuJ6iihSXYv8SVEj1qUA\/s320\/IMG-20230209-WA0013.jpg\" width=\"320\" height=\"213\" border=\"0\" data-original-height=\"683\" data-original-width=\"1024\" src=\"data:image\/svg+xml;base64,PHN2ZyB3aWR0aD0iMSIgaGVpZ2h0PSIxIiB4bWxucz0iaHR0cDovL3d3dy53My5vcmcvMjAwMC9zdmciPjwvc3ZnPg==\" class=\"lazyload\" style=\"--smush-placeholder-width: 320px; --smush-placeholder-aspect-ratio: 320\/213;\" \/><\/a><\/div>\n<p>&nbsp;<\/p>\n<p>Mediante comunicado de prensa, la instituci\u00f3n formativa inform\u00f3 que la finalidad de la visita es articular acciones educativas conjuntas que procuren generar conciencia en los colectivos sobre el tema de la vulnerabilidad s\u00edsmica existente en el actual contexto nacional.<\/p>\n<div class=\"separator\"><a href=\"https:\/\/blogger.googleusercontent.com\/img\/b\/R29vZ2xl\/AVvXsEjq6IVd8szhD6Qytuicxyie1uEM0M1dW5HZ8ViOZTyKOFfFZWtAxGTidDEVVQupbxZhheXlzCMtbt8Xk7x7GMywWNnxKjehwCAsHX5yv5PLTFOOkL1-15_CPNgYrY5xkgeIpsJz_jtcUFOhoS83_rNNi3DFa94c6rVqQxOtH7JnyVHmrKf5ws_ptqvpdA\/s1128\/IMG-20230209-WA0011.jpg\"><img decoding=\"async\" data-src=\"https:\/\/blogger.googleusercontent.com\/img\/b\/R29vZ2xl\/AVvXsEjq6IVd8szhD6Qytuicxyie1uEM0M1dW5HZ8ViOZTyKOFfFZWtAxGTidDEVVQupbxZhheXlzCMtbt8Xk7x7GMywWNnxKjehwCAsHX5yv5PLTFOOkL1-15_CPNgYrY5xkgeIpsJz_jtcUFOhoS83_rNNi3DFa94c6rVqQxOtH7JnyVHmrKf5ws_ptqvpdA\/s320\/IMG-20230209-WA0011.jpg\" width=\"320\" height=\"213\" border=\"0\" data-original-height=\"752\" data-original-width=\"1128\" src=\"data:image\/svg+xml;base64,PHN2ZyB3aWR0aD0iMSIgaGVpZ2h0PSIxIiB4bWxucz0iaHR0cDovL3d3dy53My5vcmcvMjAwMC9zdmciPjwvc3ZnPg==\" class=\"lazyload\" style=\"--smush-placeholder-width: 320px; --smush-placeholder-aspect-ratio: 320\/213;\" \/><\/a><\/div>\n<p>En esa direcci\u00f3n, contemplaron la posibilidad de desarrollar en el menor tiempo posible la conformaci\u00f3n de Redes de Evaluadores y Sensibilizadores para la creaci\u00f3n de una cultura preventiva sobre el tema, entre directivos y colaboradores que laboran en las 32 escuelas que est\u00e1n operando en los distintos puntos del territorio dominicano.<\/p>\n<p>El Mayor GeneralERD., Ota\u00f1o Jim\u00e9nez,\u00a0 al ponderal el encuentro que se llev\u00f3 a cabo en la Sede Central de la DIGEV, en el municipio Santo Domingo Este, destac\u00f3 el inter\u00e9s de la actual gesti\u00f3n y el ministro de Defensa, Teniente General ERD,. Carlos Luciano D\u00edaz Morfa; es generar conciencia a mayor n\u00famero de servidores y estudiantes que pernoctan en las escuelas.<\/p>\n<div class=\"separator\"><a href=\"https:\/\/blogger.googleusercontent.com\/img\/b\/R29vZ2xl\/AVvXsEjxUaPZFVgPscvPsGotpbciIXEkZEZDD7A3gkLDiVueaDjdPUnVUN8iAMz2Qy2GwPpYSfgXEyIfYkEM4No6xfQq8bLpDdMTHRqAh_H-iFBzVFwc3wsKPJQ291pOW0MAc4YKP3fiHw3BueTex5XRMCX0ZJFXI0lqGA18FmYcMaXpinhbXbk9SHGJkL9NoQ\/s1024\/IMG-20230209-WA0009.jpg\"><img decoding=\"async\" data-src=\"https:\/\/blogger.googleusercontent.com\/img\/b\/R29vZ2xl\/AVvXsEjxUaPZFVgPscvPsGotpbciIXEkZEZDD7A3gkLDiVueaDjdPUnVUN8iAMz2Qy2GwPpYSfgXEyIfYkEM4No6xfQq8bLpDdMTHRqAh_H-iFBzVFwc3wsKPJQ291pOW0MAc4YKP3fiHw3BueTex5XRMCX0ZJFXI0lqGA18FmYcMaXpinhbXbk9SHGJkL9NoQ\/s320\/IMG-20230209-WA0009.jpg\" width=\"320\" height=\"213\" border=\"0\" data-original-height=\"683\" data-original-width=\"1024\" src=\"data:image\/svg+xml;base64,PHN2ZyB3aWR0aD0iMSIgaGVpZ2h0PSIxIiB4bWxucz0iaHR0cDovL3d3dy53My5vcmcvMjAwMC9zdmciPjwvc3ZnPg==\" class=\"lazyload\" style=\"--smush-placeholder-width: 320px; --smush-placeholder-aspect-ratio: 320\/213;\" \/><\/a><\/div>\n<p>\u2018\u2019Estamos en disposici\u00f3n de facilitar el capital humano y las instalaciones de la instituci\u00f3n a nivel nacional para que los t\u00e9cnicos de Onesvie, ayuden a elevar el nivel de conciencia, la actitud y la disposici\u00f3n ante la problem\u00e1tica del abordaje de la vulnerabilidad s\u00edsmica ya sea antes o despu\u00e9s del evento natural \u2019\u2019 expres\u00f3 Oto\u00f1o Jim\u00e9nez.<\/p>\n<p>En tanto, el ingeniero Reyes Madera, director general de Onesvie; agradeci\u00f3 la invitaci\u00f3n y se comprometi\u00f3 a poner todo el empe\u00f1o para capacitar mediante programas y talleres a todos los colaboradores de la entidad educativa, con temas actualizados sobre la vulnerabilidad s\u00edsmica.<\/p>\n<div class=\"separator\"><a href=\"https:\/\/blogger.googleusercontent.com\/img\/b\/R29vZ2xl\/AVvXsEhuMYQRTXQ_TuqVQw4hvM7vpZJ9OUeXXusXoD6otdS3VKo34jFn0t-YTnm2s6YsrO454jrbdAOZswwGrM8XNGXh_x_RQ9qA5_IXBrvs4R85iiFW2z82Fvm-MQ_jUWnGc7_xHB-v10LvRLjACfVFi1AgEqz8fVJY6H16rGDFt1mNeyI_WWajLmzClg3W2Q\/s1128\/IMG-20230209-WA0010.jpg\"><img decoding=\"async\" data-src=\"https:\/\/blogger.googleusercontent.com\/img\/b\/R29vZ2xl\/AVvXsEhuMYQRTXQ_TuqVQw4hvM7vpZJ9OUeXXusXoD6otdS3VKo34jFn0t-YTnm2s6YsrO454jrbdAOZswwGrM8XNGXh_x_RQ9qA5_IXBrvs4R85iiFW2z82Fvm-MQ_jUWnGc7_xHB-v10LvRLjACfVFi1AgEqz8fVJY6H16rGDFt1mNeyI_WWajLmzClg3W2Q\/s320\/IMG-20230209-WA0010.jpg\" width=\"320\" height=\"213\" border=\"0\" data-original-height=\"752\" data-original-width=\"1128\" src=\"data:image\/svg+xml;base64,PHN2ZyB3aWR0aD0iMSIgaGVpZ2h0PSIxIiB4bWxucz0iaHR0cDovL3d3dy53My5vcmcvMjAwMC9zdmciPjwvc3ZnPg==\" class=\"lazyload\" style=\"--smush-placeholder-width: 320px; --smush-placeholder-aspect-ratio: 320\/213;\" \/><\/a><\/div>\n<p>Expres\u00f3 que todav\u00eda en Rep\u00fablica Dominicana se est\u00e1 a tiempo de empezar a crear cultura de sensibilizaci\u00f3n preventiva sobre la vulnerabilidad s\u00edsmica, e inst\u00f3 a las dem\u00e1s instituciones del Estado dominicano a sumarse a las jornadas que en ese sentido se ejecuta de la Onesvie.<\/p>\n<p>En la reuni\u00f3n, participaron por la DIGEV, adem\u00e1s del director general, el director Financiero, Mayor ERD: Tom\u00e1s E. Mart\u00ednez, el encargado del Departamento de Inform\u00e1tica y Soporte T\u00e9cnico, Mayor ERD., Manuel Antonio Lugo Paniagua, as\u00ed como el ingeniero Pedro Iv\u00e1n M\u00e1rquez Merceron, director de Ingenier\u00eda Sismo resistente por Onesvie.<\/p>\n<div class=\"separator\"><a href=\"https:\/\/blogger.googleusercontent.com\/img\/b\/R29vZ2xl\/AVvXsEiy0tMA5wGxypbRxrifSgEBE0TMXoIyuNJSJw2io0Rc5nvo3qwg16QMrw7YuWgxFoRLSc1fCD2_qxvf4OZDis_gN-IIkpK19HmKLQ5ScXUsyzd_lu-t6cO6HTJo0--ZgzQeH1w4GhOri-GoN6RMcVAhDCoq9_neHiQz_FVnRnUk3zyfrmmPKMO6Tgez4Q\/s1024\/IMG-20230209-WA0014.jpg\"><img decoding=\"async\" data-src=\"https:\/\/blogger.googleusercontent.com\/img\/b\/R29vZ2xl\/AVvXsEiy0tMA5wGxypbRxrifSgEBE0TMXoIyuNJSJw2io0Rc5nvo3qwg16QMrw7YuWgxFoRLSc1fCD2_qxvf4OZDis_gN-IIkpK19HmKLQ5ScXUsyzd_lu-t6cO6HTJo0--ZgzQeH1w4GhOri-GoN6RMcVAhDCoq9_neHiQz_FVnRnUk3zyfrmmPKMO6Tgez4Q\/s320\/IMG-20230209-WA0014.jpg\" width=\"320\" height=\"213\" border=\"0\" data-original-height=\"683\" data-original-width=\"1024\" src=\"data:image\/svg+xml;base64,PHN2ZyB3aWR0aD0iMSIgaGVpZ2h0PSIxIiB4bWxucz0iaHR0cDovL3d3dy53My5vcmcvMjAwMC9zdmciPjwvc3ZnPg==\" class=\"lazyload\" style=\"--smush-placeholder-width: 320px; --smush-placeholder-aspect-ratio: 320\/213;\" \/><\/a><\/div>\n<div class=\"separator\"><a href=\"https:\/\/blogger.googleusercontent.com\/img\/b\/R29vZ2xl\/AVvXsEj0bkCGplkJ-tq6ejfgwt4Y0aVq1xs3uAbASdOLQ6W29BMW4rK3MamaLQg7RqzqXUbeuOzKSbcV-bJerLlX08rYXKTqHXN1yMCSfpgSfsMgdL5HABk7Ha551zaNZkJGWxfqcVG16IXom5ouN6d7f-HXOOkagR-rnbSHr0R8U0F9VnzfL98r-omH70emKg\/s1128\/IMG-20230209-WA0011.jpg\"><img decoding=\"async\" data-src=\"https:\/\/blogger.googleusercontent.com\/img\/b\/R29vZ2xl\/AVvXsEj0bkCGplkJ-tq6ejfgwt4Y0aVq1xs3uAbASdOLQ6W29BMW4rK3MamaLQg7RqzqXUbeuOzKSbcV-bJerLlX08rYXKTqHXN1yMCSfpgSfsMgdL5HABk7Ha551zaNZkJGWxfqcVG16IXom5ouN6d7f-HXOOkagR-rnbSHr0R8U0F9VnzfL98r-omH70emKg\/s320\/IMG-20230209-WA0011.jpg\" width=\"320\" height=\"213\" border=\"0\" data-original-height=\"752\" data-original-width=\"1128\" src=\"data:image\/svg+xml;base64,PHN2ZyB3aWR0aD0iMSIgaGVpZ2h0PSIxIiB4bWxucz0iaHR0cDovL3d3dy53My5vcmcvMjAwMC9zdmciPjwvc3ZnPg==\" class=\"lazyload\" style=\"--smush-placeholder-width: 320px; --smush-placeholder-aspect-ratio: 320\/213;\" \/><\/a><\/div>\n<p>Fuente: Prensa DIGEV<img decoding=\"async\" data-src=\"https:\/\/platform-cdn.sharethis.com\/img\/facebook.svg\" alt=\"facebook sharing button\" src=\"data:image\/svg+xml;base64,PHN2ZyB3aWR0aD0iMSIgaGVpZ2h0PSIxIiB4bWxucz0iaHR0cDovL3d3dy53My5vcmcvMjAwMC9zdmciPjwvc3ZnPg==\" class=\"lazyload\" \/><\/p>\n<\/div>\n<\/article>\n<\/div>\n<\/div>\n<\/div>\n<\/div>\n<\/div>\n<\/div>\n<\/div>\n<\/div>\n<\/div>\n<\/div>\n","protected":false},"excerpt":{"rendered":"<p>&nbsp; Por F\u00e9lix Rubio Santo Domingo.-El director general de las Escuelas Vocacionales de las Fuerzas<\/p>\n","protected":false},"author":1,"featured_media":0,"comment_status":"open","ping_status":"open","sticky":false,"template":"","format":"standard","meta":{"footnotes":""},"categories":[7],"tags":[],"class_list":["post-3616","post","type-post","status-publish","format-standard","hentry","category-nacionales"],"_links":{"self":[{"href":"https:\/\/defrentealaverdad.com\/index.php\/wp-json\/wp\/v2\/posts\/3616","targetHints":{"allow":["GET"]}}],"collection":[{"href":"https:\/\/defrentealaverdad.com\/index.php\/wp-json\/wp\/v2\/posts"}],"about":[{"href":"https:\/\/defrentealaverdad.com\/index.php\/wp-json\/wp\/v2\/types\/post"}],"author":[{"embeddable":true,"href":"https:\/\/defrentealaverdad.com\/index.php\/wp-json\/wp\/v2\/users\/1"}],"replies":[{"embeddable":true,"href":"https:\/\/defrentealaverdad.com\/index.php\/wp-json\/wp\/v2\/comments?post=3616"}],"version-history":[{"count":1,"href":"https:\/\/defrentealaverdad.com\/index.php\/wp-json\/wp\/v2\/posts\/3616\/revisions"}],"predecessor-version":[{"id":3617,"href":"https:\/\/defrentealaverdad.com\/index.php\/wp-json\/wp\/v2\/posts\/3616\/revisions\/3617"}],"wp:attachment":[{"href":"https:\/\/defrentealaverdad.com\/index.php\/wp-json\/wp\/v2\/media?parent=3616"}],"wp:term":[{"taxonomy":"category","embeddable":true,"href":"https:\/\/defrentealaverdad.com\/index.php\/wp-json\/wp\/v2\/categories?post=3616"},{"taxonomy":"post_tag","embeddable":true,"href":"https:\/\/defrentealaverdad.com\/index.php\/wp-json\/wp\/v2\/tags?post=3616"}],"curies":[{"name":"wp","href":"https:\/\/api.w.org\/{rel}","templated":true}]}}