{"id":36142,"date":"2024-12-31T08:06:50","date_gmt":"2024-12-31T08:06:50","guid":{"rendered":"https:\/\/defrentealaverdad.com\/?p=36142"},"modified":"2025-01-02T01:09:57","modified_gmt":"2025-01-02T01:09:57","slug":"sergio-carlo-refuta-declaraciones-de-celso-marranzini-sobre-la-generacion-distribuida","status":"publish","type":"post","link":"https:\/\/defrentealaverdad.com\/index.php\/2024\/12\/31\/sergio-carlo-refuta-declaraciones-de-celso-marranzini-sobre-la-generacion-distribuida\/","title":{"rendered":"Sergio Carlo refuta declaraciones de Celso Marranzini sobre la generaci\u00f3n distribuida"},"content":{"rendered":"<p style=\"text-align: justify;\">El comunicador Sergio Carlo, respondi\u00f3 a las recientes declaraciones de Celso Marranzini, quien cuestion\u00f3 los impactos de la generaci\u00f3n distribuida y la integraci\u00f3n de paneles solares a la red el\u00e9ctrica. Carlo calific\u00f3 las afirmaciones de Marranzini como \u201cdesinformadas\u201d y alert\u00f3 sobre la peligrosa desconexi\u00f3n con la realidad tecnol\u00f3gica que dichas declaraciones reflejan.<\/p>\n<blockquote>\n<p style=\"text-align: justify;\">\u201cLas afirmaciones de Marranzini sobre la intermitencia de los sistemas solares y su supuesto impacto negativo en la red son completamente err\u00f3neas\u201d, afirm\u00f3 Carlo.<\/p>\n<\/blockquote>\n<p>Adem\u00e1s agreg\u00f3:<\/p>\n<blockquote>\n<p style=\"text-align: justify;\">\u201cLos sistemas de generaci\u00f3n distribuida est\u00e1n dise\u00f1ados para operar de manera sincronizada con la red el\u00e9ctrica, gracias a tecnolog\u00edas como los inversores de red, que garantizan una entrega estable de energ\u00eda, reduciendo las fluctuaciones y aportando mayor confiabilidad al sistema el\u00e9ctrico\u201d<\/p>\n<\/blockquote>\n<p style=\"text-align: justify;\">Carlo tambi\u00e9n destac\u00f3 que la generaci\u00f3n distribuida permite a los consumidores producir su propia electricidad, reduciendo la presi\u00f3n sobre las plantas centralizadas que, en su mayor\u00eda, dependen de combustibles f\u00f3siles.<\/p>\n<blockquote>\n<p style=\"text-align: justify;\">\u201cPa\u00edses como Alemania, Espa\u00f1a y Chile han integrado exitosamente la energ\u00eda solar a sus redes, logrando sistemas el\u00e9ctricos m\u00e1s resilientes y sostenibles\u201d, explic\u00f3. \u201cEs vital que la Rep\u00fablica Dominicana siga este ejemplo, invierta en infraestructura moderna y capacite al personal t\u00e9cnico para aprovechar al m\u00e1ximo el potencial de la energ\u00eda solar\u201d, dijo Sergio Carlo.<\/p>\n<\/blockquote>\n<p style=\"text-align: justify;\">El comunicador tambi\u00e9n rechaz\u00f3 la defensa de un modelo centralizado que, a su juicio, perpet\u00faa la dependencia de fuentes de energ\u00eda no renovables y beneficia solo a unos pocos.<\/p>\n<p>Fuente: RC Noticias<\/p>\n","protected":false},"excerpt":{"rendered":"<p>El comunicador Sergio Carlo, respondi\u00f3 a las recientes declaraciones de Celso Marranzini, quien cuestion\u00f3 los<\/p>\n","protected":false},"author":1,"featured_media":36144,"comment_status":"open","ping_status":"open","sticky":false,"template":"","format":"standard","meta":{"footnotes":""},"categories":[7],"tags":[],"class_list":["post-36142","post","type-post","status-publish","format-standard","has-post-thumbnail","hentry","category-nacionales"],"_links":{"self":[{"href":"https:\/\/defrentealaverdad.com\/index.php\/wp-json\/wp\/v2\/posts\/36142","targetHints":{"allow":["GET"]}}],"collection":[{"href":"https:\/\/defrentealaverdad.com\/index.php\/wp-json\/wp\/v2\/posts"}],"about":[{"href":"https:\/\/defrentealaverdad.com\/index.php\/wp-json\/wp\/v2\/types\/post"}],"author":[{"embeddable":true,"href":"https:\/\/defrentealaverdad.com\/index.php\/wp-json\/wp\/v2\/users\/1"}],"replies":[{"embeddable":true,"href":"https:\/\/defrentealaverdad.com\/index.php\/wp-json\/wp\/v2\/comments?post=36142"}],"version-history":[{"count":1,"href":"https:\/\/defrentealaverdad.com\/index.php\/wp-json\/wp\/v2\/posts\/36142\/revisions"}],"predecessor-version":[{"id":36143,"href":"https:\/\/defrentealaverdad.com\/index.php\/wp-json\/wp\/v2\/posts\/36142\/revisions\/36143"}],"wp:featuredmedia":[{"embeddable":true,"href":"https:\/\/defrentealaverdad.com\/index.php\/wp-json\/wp\/v2\/media\/36144"}],"wp:attachment":[{"href":"https:\/\/defrentealaverdad.com\/index.php\/wp-json\/wp\/v2\/media?parent=36142"}],"wp:term":[{"taxonomy":"category","embeddable":true,"href":"https:\/\/defrentealaverdad.com\/index.php\/wp-json\/wp\/v2\/categories?post=36142"},{"taxonomy":"post_tag","embeddable":true,"href":"https:\/\/defrentealaverdad.com\/index.php\/wp-json\/wp\/v2\/tags?post=36142"}],"curies":[{"name":"wp","href":"https:\/\/api.w.org\/{rel}","templated":true}]}}