{"id":3613,"date":"2023-02-07T19:54:26","date_gmt":"2023-02-07T19:54:26","guid":{"rendered":"https:\/\/defrentealaverdad.com\/?p=3613"},"modified":"2023-02-07T19:55:08","modified_gmt":"2023-02-07T19:55:08","slug":"general-de-la-fard-anuncia-actividades-75-aniversario-en-programa-de-radio-alas-solidarias","status":"publish","type":"post","link":"https:\/\/defrentealaverdad.com\/index.php\/2023\/02\/07\/general-de-la-fard-anuncia-actividades-75-aniversario-en-programa-de-radio-alas-solidarias\/","title":{"rendered":"General de la FARD anuncia actividades 75 Aniversario en programa de Radio \u201cAlas Solidarias\u201d"},"content":{"rendered":"<header class=\"entry-header\">\n<div class=\"aft-post-thumbnail-wrapper\">\n<div style=\"text-align: justify;\">Por Felix Rubio<\/div>\n<div style=\"text-align: justify;\"><\/div>\n<div class=\"post-thumbnail full-width-image\" style=\"text-align: justify;\"><img decoding=\"async\" class=\"attachment-large size-large wp-post-image lazyload\" data-src=\"https:\/\/reporterosenlineard.com\/wp-content\/uploads\/2023\/02\/ode-plo-1024x682.jpeg\" data-sizes=\"(max-width: 640px) 100vw, 640px\" data-srcset=\"https:\/\/reporterosenlineard.com\/wp-content\/uploads\/2023\/02\/ode-plo-1024x682.jpeg 1024w, https:\/\/reporterosenlineard.com\/wp-content\/uploads\/2023\/02\/ode-plo-300x200.jpeg 300w, https:\/\/reporterosenlineard.com\/wp-content\/uploads\/2023\/02\/ode-plo-768x512.jpeg 768w, https:\/\/reporterosenlineard.com\/wp-content\/uploads\/2023\/02\/ode-plo.jpeg 1536w\" alt=\"\" width=\"640\" height=\"426\" src=\"data:image\/svg+xml;base64,PHN2ZyB3aWR0aD0iMSIgaGVpZ2h0PSIxIiB4bWxucz0iaHR0cDovL3d3dy53My5vcmcvMjAwMC9zdmciPjwvc3ZnPg==\" style=\"--smush-placeholder-width: 640px; --smush-placeholder-aspect-ratio: 640\/426;\" \/><\/div>\n<\/div>\n<\/header>\n<div class=\"entry-content\" style=\"text-align: justify;\">\n<p><strong>Santo Domingo RD,&gt;<\/strong>Al medio d\u00eda de este lunes 6 de febrero, Comandante General de la Fuerza A\u00e9rea de Rep\u00fablica Dominicana; Mayor General T\u00e9c. de Av. Carlos Febrillet Rodr\u00edguez particip\u00f3 en el estreno del programa radial \u201cAlas Solidarias\u201d, el cual es una iniciativa de la presidenta de la Asociaci\u00f3n de Esposas de Oficiales de la FARD, Ing. Menc\u00eda Ortiz de Febrillet, quien invit\u00f3 a su esposo con el objetivo de dar inicio al media tour donde se estar\u00e1n anunciando las actividades por motivo del 75 aniversario de la instituci\u00f3n castrense.<\/p>\n<p>El espacio radial que se convertir\u00e1 en \u201cLa Voz de la FARD en la Radio\u201d abri\u00f3 la programaci\u00f3n con un momento de bendici\u00f3n, seguido de la descripci\u00f3n de cada segmento que formar\u00e1 la estructura del mismo, siendo el horario pautado todos los lunes de 12:00 del medio d\u00eda a 1:00 de la tarde, a transmitirse por la emisora La Voz de las Fuerzas Armadas (HIFA) 106.9 para el Gran Santo Domingo y 102.7 en las dem\u00e1s provincias del pa\u00eds.<\/p>\n<p>Durante su participaci\u00f3n, el Comandante General de la FARD dijo que su instituci\u00f3n celebra 75 a\u00f1os una serie actividades que iniciaron con la escalada al Pico Duarte donde se realiz\u00f3 una bendici\u00f3n, y que la pr\u00f3xima actividad del cronograma es \u201cPinceles del Aire\u201d, el pr\u00f3ximo jueves 9 de febrero. Adem\u00e1s, invit\u00f3 a participar en el Rally 75 aniversario el pr\u00f3ximo d\u00eda 11 y el 14 de febrero se realizar\u00e1 una boda colectiva de 14 parejas.<\/p>\n<p>Asimismo, expres\u00f3 que para el 15 de febrero que es la fecha del aniversario 75, m\u00e1s de 21 invitados internacionales han confirmado su participaci\u00f3n en las actividades protocolares de ese d\u00eda. \u201cEl cronograma es largo pero tiene la particularidad de que la mayor\u00eda de actividades ser\u00e1n enfocadas a toda la familia y con las puertas abiertas para todos los p\u00fablicos con shows a\u00e9reos, torneos de domin\u00f3s, salto de 75 paracaidistas, torneo de golf, cars shows, entre otras que pueden encontrar en la p\u00e1gina web y redes sociales de nuestra instituci\u00f3n\u201d, precis\u00f3.<\/p>\n<p>En el panel producido y encabezado por la presidenta de AEOFARD, estuvo acompa\u00f1ando al Comandante General de la FARD, el director de Relaciones P\u00fablicas de dicha instituci\u00f3n, Coronel Piloto As Henriquez Taveras.<\/p>\n<p>Tambi\u00e9n forman parte del equipo del programa la Tte. Coronel Odont\u00f3loga, Lourdes Garc\u00eda, FARD; la 1er. Tte. Licda. Com. Social Odil Beato y la Encargada de Redes Sociales de la FARD, Ode Polanco.<\/p>\n<\/div>\n<p style=\"text-align: justify;\">Fuente: Comunicaciones FARD<\/p>\n","protected":false},"excerpt":{"rendered":"<p>Por Felix Rubio Santo Domingo RD,&gt;Al medio d\u00eda de este lunes 6 de febrero, Comandante<\/p>\n","protected":false},"author":1,"featured_media":0,"comment_status":"open","ping_status":"open","sticky":false,"template":"","format":"standard","meta":{"footnotes":""},"categories":[7],"tags":[],"class_list":["post-3613","post","type-post","status-publish","format-standard","hentry","category-nacionales"],"_links":{"self":[{"href":"https:\/\/defrentealaverdad.com\/index.php\/wp-json\/wp\/v2\/posts\/3613","targetHints":{"allow":["GET"]}}],"collection":[{"href":"https:\/\/defrentealaverdad.com\/index.php\/wp-json\/wp\/v2\/posts"}],"about":[{"href":"https:\/\/defrentealaverdad.com\/index.php\/wp-json\/wp\/v2\/types\/post"}],"author":[{"embeddable":true,"href":"https:\/\/defrentealaverdad.com\/index.php\/wp-json\/wp\/v2\/users\/1"}],"replies":[{"embeddable":true,"href":"https:\/\/defrentealaverdad.com\/index.php\/wp-json\/wp\/v2\/comments?post=3613"}],"version-history":[{"count":2,"href":"https:\/\/defrentealaverdad.com\/index.php\/wp-json\/wp\/v2\/posts\/3613\/revisions"}],"predecessor-version":[{"id":3615,"href":"https:\/\/defrentealaverdad.com\/index.php\/wp-json\/wp\/v2\/posts\/3613\/revisions\/3615"}],"wp:attachment":[{"href":"https:\/\/defrentealaverdad.com\/index.php\/wp-json\/wp\/v2\/media?parent=3613"}],"wp:term":[{"taxonomy":"category","embeddable":true,"href":"https:\/\/defrentealaverdad.com\/index.php\/wp-json\/wp\/v2\/categories?post=3613"},{"taxonomy":"post_tag","embeddable":true,"href":"https:\/\/defrentealaverdad.com\/index.php\/wp-json\/wp\/v2\/tags?post=3613"}],"curies":[{"name":"wp","href":"https:\/\/api.w.org\/{rel}","templated":true}]}}