{"id":36078,"date":"2024-12-30T19:07:18","date_gmt":"2024-12-30T19:07:18","guid":{"rendered":"https:\/\/defrentealaverdad.com\/?p=36078"},"modified":"2024-12-31T01:07:32","modified_gmt":"2024-12-31T01:07:32","slug":"comunicador-venezolano-javier-lunar-se-destaca-en-an7","status":"publish","type":"post","link":"https:\/\/defrentealaverdad.com\/index.php\/2024\/12\/30\/comunicador-venezolano-javier-lunar-se-destaca-en-an7\/","title":{"rendered":"Comunicador venezolano Javier Lunar se destaca en AN7\u00a0"},"content":{"rendered":"<p style=\"text-align: justify;\"><strong>Santo Domingo, R.D.<\/strong> Gracias a un trabajo sostenible, polifac\u00e9tico y que siempre apuesta a la excelencia, el venezolano Javier Lunar, se ha venido posicionando y destacando como comunicador, en la competitiva televisi\u00f3n dominicana.<\/p>\n<blockquote>\n<p style=\"text-align: justify;\">\u00abEstoy muy agradecido de los directivos de AN7. Un canal que considero como mi casa, porque fue el lugar donde tuve mi primera oportunidad para volver a los medios; donde me dieron la confianza no s\u00f3lo de hacer lo que ya me apasionaba, que era el deporte, sino que me han retado a crecer y a probarme en otros aspectos de la comunicaci\u00f3n\u00bb, extern\u00f3 Lunar, quien es oriundo de Caracas.<\/p>\n<\/blockquote>\n<p style=\"text-align: justify;\"><img decoding=\"async\" class=\"size-medium wp-image-36082 alignright lazyload\" data-src=\"https:\/\/defrentealaverdad.com\/wp-content\/uploads\/2024\/12\/IMG-20241230-WA0164-300x300.jpg\" alt=\"\" width=\"300\" height=\"300\" data-srcset=\"https:\/\/defrentealaverdad.com\/wp-content\/uploads\/2024\/12\/IMG-20241230-WA0164-300x300.jpg 300w, https:\/\/defrentealaverdad.com\/wp-content\/uploads\/2024\/12\/IMG-20241230-WA0164-1024x1024.jpg 1024w, https:\/\/defrentealaverdad.com\/wp-content\/uploads\/2024\/12\/IMG-20241230-WA0164-150x150.jpg 150w, https:\/\/defrentealaverdad.com\/wp-content\/uploads\/2024\/12\/IMG-20241230-WA0164-768x767.jpg 768w, https:\/\/defrentealaverdad.com\/wp-content\/uploads\/2024\/12\/IMG-20241230-WA0164.jpg 1415w\" data-sizes=\"(max-width: 300px) 100vw, 300px\" src=\"data:image\/svg+xml;base64,PHN2ZyB3aWR0aD0iMSIgaGVpZ2h0PSIxIiB4bWxucz0iaHR0cDovL3d3dy53My5vcmcvMjAwMC9zdmciPjwvc3ZnPg==\" style=\"--smush-placeholder-width: 300px; --smush-placeholder-aspect-ratio: 300\/300;\" \/>En ese mismo tenor, el emprendedor periodista agradeci\u00f3 a la Rep\u00fablica Dominicana y a \u00abcada una de esas personas que Dios ha puesto en mi camino y que de una u otra manera, me brindaron una mano.<\/p>\n<blockquote>\n<p style=\"text-align: justify;\">\u00abVenezuela es mi tierra, pero Dominicana tiene la mitad de mi coraz\u00f3n\u00bb.<\/p>\n<\/blockquote>\n<p style=\"text-align: justify;\">En el 2019, este Lic. en Comunicaci\u00f3n Social, de la Universidad Cat\u00f3lica Santa Rosa, de Caracas, inici\u00f3 siendo el cronista deportivo del matutino y el noticiero meridiano, de la reconocida planta televisora, en la cual tiene cinco a\u00f1os demostrando su talento.<\/p>\n<blockquote>\n<p style=\"text-align: justify;\">\u00abTras la llegada de la pandemia y la salida de grandes talentos del canal, me propusieron pasar a la presentaci\u00f3n de noticias y es en donde me he desempe\u00f1ado hasta hoy, junto con la excelente comunicadora Leidy P\u00e9rez; pero, por pasi\u00f3n, contin\u00fao hablando de deportes en el matutino, adem\u00e1s de presentar noticias y realizar entrevistas a invitados del programa\u00bb, detall\u00f3.<\/p>\n<\/blockquote>\n<p style=\"text-align: justify;\"><img decoding=\"async\" class=\"size-medium wp-image-36079 alignleft lazyload\" data-src=\"https:\/\/defrentealaverdad.com\/wp-content\/uploads\/2024\/12\/IMG-20241230-WA0166-240x300.jpg\" alt=\"\" width=\"240\" height=\"300\" data-srcset=\"https:\/\/defrentealaverdad.com\/wp-content\/uploads\/2024\/12\/IMG-20241230-WA0166-240x300.jpg 240w, https:\/\/defrentealaverdad.com\/wp-content\/uploads\/2024\/12\/IMG-20241230-WA0166-768x960.jpg 768w, https:\/\/defrentealaverdad.com\/wp-content\/uploads\/2024\/12\/IMG-20241230-WA0166.jpg 819w\" data-sizes=\"(max-width: 240px) 100vw, 240px\" src=\"data:image\/svg+xml;base64,PHN2ZyB3aWR0aD0iMSIgaGVpZ2h0PSIxIiB4bWxucz0iaHR0cDovL3d3dy53My5vcmcvMjAwMC9zdmciPjwvc3ZnPg==\" style=\"--smush-placeholder-width: 240px; --smush-placeholder-aspect-ratio: 240\/300;\" \/>Una oportunidad que le ha permitido ser fiel a su filosof\u00eda de priorizar, d\u00eda a d\u00eda, el progreso en la lectura, dicci\u00f3n, escritura y el uso correcto del idioma.<\/p>\n<blockquote>\n<p style=\"text-align: justify;\">\u00abEl comunicador de hoy debe preocuparse por conocer todas las herramientas que existen para ejercer su profesi\u00f3n. Hoy d\u00eda, tenemos tantas tecnolog\u00edas a la mano, pero en ocasiones son mal utilizadas para el ejercicio de la comunicaci\u00f3n\u00bb, lament\u00f3.<\/p>\n<\/blockquote>\n<p style=\"text-align: justify;\">De igual manera, Lunar advirti\u00f3 sobre la responsabilidad que tiene el individuo, ante la sociedad, desde que elige dedicarse a la comunicaci\u00f3n.<\/p>\n<blockquote>\n<p style=\"text-align: justify;\">\u00abEl comunicador debe entender que todo lo que diga, publique o escriba, tendr\u00e1 un efecto, positivo o negativo; que todo trae una consecuencia\u00bb, finaliz\u00f3<\/p>\n<\/blockquote>\n<p>Fuente: Tyrone Dotel<\/p>\n","protected":false},"excerpt":{"rendered":"<p>Santo Domingo, R.D. Gracias a un trabajo sostenible, polifac\u00e9tico y que siempre apuesta a la<\/p>\n","protected":false},"author":1,"featured_media":36080,"comment_status":"open","ping_status":"open","sticky":false,"template":"","format":"standard","meta":{"footnotes":""},"categories":[7],"tags":[],"class_list":["post-36078","post","type-post","status-publish","format-standard","has-post-thumbnail","hentry","category-nacionales"],"_links":{"self":[{"href":"https:\/\/defrentealaverdad.com\/index.php\/wp-json\/wp\/v2\/posts\/36078","targetHints":{"allow":["GET"]}}],"collection":[{"href":"https:\/\/defrentealaverdad.com\/index.php\/wp-json\/wp\/v2\/posts"}],"about":[{"href":"https:\/\/defrentealaverdad.com\/index.php\/wp-json\/wp\/v2\/types\/post"}],"author":[{"embeddable":true,"href":"https:\/\/defrentealaverdad.com\/index.php\/wp-json\/wp\/v2\/users\/1"}],"replies":[{"embeddable":true,"href":"https:\/\/defrentealaverdad.com\/index.php\/wp-json\/wp\/v2\/comments?post=36078"}],"version-history":[{"count":1,"href":"https:\/\/defrentealaverdad.com\/index.php\/wp-json\/wp\/v2\/posts\/36078\/revisions"}],"predecessor-version":[{"id":36083,"href":"https:\/\/defrentealaverdad.com\/index.php\/wp-json\/wp\/v2\/posts\/36078\/revisions\/36083"}],"wp:featuredmedia":[{"embeddable":true,"href":"https:\/\/defrentealaverdad.com\/index.php\/wp-json\/wp\/v2\/media\/36080"}],"wp:attachment":[{"href":"https:\/\/defrentealaverdad.com\/index.php\/wp-json\/wp\/v2\/media?parent=36078"}],"wp:term":[{"taxonomy":"category","embeddable":true,"href":"https:\/\/defrentealaverdad.com\/index.php\/wp-json\/wp\/v2\/categories?post=36078"},{"taxonomy":"post_tag","embeddable":true,"href":"https:\/\/defrentealaverdad.com\/index.php\/wp-json\/wp\/v2\/tags?post=36078"}],"curies":[{"name":"wp","href":"https:\/\/api.w.org\/{rel}","templated":true}]}}