{"id":36060,"date":"2024-12-30T20:00:48","date_gmt":"2024-12-30T20:00:48","guid":{"rendered":"https:\/\/defrentealaverdad.com\/?p=36060"},"modified":"2024-12-31T01:09:19","modified_gmt":"2024-12-31T01:09:19","slug":"ministerio-de-trabajo-pone-en-marcha-sistema-electronico-casos-inspeccion-de-trabajo","status":"publish","type":"post","link":"https:\/\/defrentealaverdad.com\/index.php\/2024\/12\/30\/ministerio-de-trabajo-pone-en-marcha-sistema-electronico-casos-inspeccion-de-trabajo\/","title":{"rendered":"Ministerio de Trabajo pone en marcha Sistema Electr\u00f3nico casos Inspecci\u00f3n de Trabajo"},"content":{"rendered":"<blockquote>\n<p style=\"text-align: justify;\">La nueva plataforma digital facilita la digitalizaci\u00f3n de la informaci\u00f3n recopilada por los inspectores de trabajo, programaci\u00f3n de visitas a empresas, centros y lugares de trabajo, administraci\u00f3n de usuarios y sus perfiles, as\u00ed como, realizar auditor\u00edas de los procesos.<\/p>\n<\/blockquote>\n<p style=\"text-align: justify;\"><strong>Santo Domingo.<\/strong> El Ministerio de Trabajo, puso en marcha el Sistema Electr\u00f3nico de manejo de Casos de Inspecci\u00f3n del Trabajo (SICIT), con la finalidad de mejorar el acceso a informaci\u00f3n, disponibilidad y recolecci\u00f3n de datos de las actividades de cumplimiento laboral e inspecci\u00f3n del trabajo.<\/p>\n<p style=\"text-align: justify;\">El nuevo sistema se integra con los programas inform\u00e1ticos que maneja el Ministerio de Trabajo y permite que los usuarios del mismo puedan verificar y consultar, desde cualquier lugar, toda la informaci\u00f3n relacionada con la labor de inspecci\u00f3n del trabajo.<\/p>\n<p style=\"text-align: justify;\">Esta nueva herramienta est\u00e1 disponible en las Representaciones Locales y asegura el inicio, seguimiento y gesti\u00f3n del proceso de la inspecci\u00f3n del trabajo, registro administrativo y generaci\u00f3n de estad\u00edsticas.<\/p>\n<p style=\"text-align: justify;\">Los inspectores de trabajo son el contacto directo del Ministerio con los actores del mercado laboral, principalmente empleadores, trabajadores, pero tambi\u00e9n sindicatos, abogados laboralistas y organizaciones de la sociedad civil.<\/p>\n<p style=\"text-align: justify;\">En ese sentido, el Ministerio de Trabajo reitera que la labor de inspecci\u00f3n debe ser realizada con la mayor transparencia y calidad posible, apegados al debido proceso y velando por la aplicaci\u00f3n de la legislaci\u00f3n vigente.<\/p>\n<p style=\"text-align: justify;\">La nueva plataforma digital facilita la digitalizaci\u00f3n de la informaci\u00f3n recopilada por los inspectores de trabajo, el planeamiento y programaci\u00f3n de visitas a empresas, centros y lugares de trabajo, administrar usuarios y sus perfiles y poder realizar auditor\u00edas de los procesos.<\/p>\n<p style=\"text-align: justify;\">Finalmente, este sistema consta de t\u00e9cnicas vanguardistas que conducen a realizar la labor de inspecci\u00f3n con mayor efectividad y prontitud.<\/p>\n<p>&nbsp;<\/p>\n<p>Fuente: Dir. Com. Ministerio de Trabajo<\/p>\n","protected":false},"excerpt":{"rendered":"<p>La nueva plataforma digital facilita la digitalizaci\u00f3n de la informaci\u00f3n recopilada por los inspectores de<\/p>\n","protected":false},"author":4,"featured_media":36084,"comment_status":"open","ping_status":"open","sticky":false,"template":"","format":"standard","meta":{"footnotes":""},"categories":[7],"tags":[],"class_list":["post-36060","post","type-post","status-publish","format-standard","has-post-thumbnail","hentry","category-nacionales"],"_links":{"self":[{"href":"https:\/\/defrentealaverdad.com\/index.php\/wp-json\/wp\/v2\/posts\/36060","targetHints":{"allow":["GET"]}}],"collection":[{"href":"https:\/\/defrentealaverdad.com\/index.php\/wp-json\/wp\/v2\/posts"}],"about":[{"href":"https:\/\/defrentealaverdad.com\/index.php\/wp-json\/wp\/v2\/types\/post"}],"author":[{"embeddable":true,"href":"https:\/\/defrentealaverdad.com\/index.php\/wp-json\/wp\/v2\/users\/4"}],"replies":[{"embeddable":true,"href":"https:\/\/defrentealaverdad.com\/index.php\/wp-json\/wp\/v2\/comments?post=36060"}],"version-history":[{"count":1,"href":"https:\/\/defrentealaverdad.com\/index.php\/wp-json\/wp\/v2\/posts\/36060\/revisions"}],"predecessor-version":[{"id":36061,"href":"https:\/\/defrentealaverdad.com\/index.php\/wp-json\/wp\/v2\/posts\/36060\/revisions\/36061"}],"wp:featuredmedia":[{"embeddable":true,"href":"https:\/\/defrentealaverdad.com\/index.php\/wp-json\/wp\/v2\/media\/36084"}],"wp:attachment":[{"href":"https:\/\/defrentealaverdad.com\/index.php\/wp-json\/wp\/v2\/media?parent=36060"}],"wp:term":[{"taxonomy":"category","embeddable":true,"href":"https:\/\/defrentealaverdad.com\/index.php\/wp-json\/wp\/v2\/categories?post=36060"},{"taxonomy":"post_tag","embeddable":true,"href":"https:\/\/defrentealaverdad.com\/index.php\/wp-json\/wp\/v2\/tags?post=36060"}],"curies":[{"name":"wp","href":"https:\/\/api.w.org\/{rel}","templated":true}]}}