{"id":36057,"date":"2024-12-30T23:58:05","date_gmt":"2024-12-30T23:58:05","guid":{"rendered":"https:\/\/defrentealaverdad.com\/?p=36057"},"modified":"2024-12-30T23:58:05","modified_gmt":"2024-12-30T23:58:05","slug":"protesta-en-manhattan-contra-la-joyeria-pandora-por-vinculos-con-crueldad-animal","status":"publish","type":"post","link":"https:\/\/defrentealaverdad.com\/index.php\/2024\/12\/30\/protesta-en-manhattan-contra-la-joyeria-pandora-por-vinculos-con-crueldad-animal\/","title":{"rendered":"Protesta en Manhattan contra la joyer\u00eda Pandora por v\u00ednculos con crueldad animal"},"content":{"rendered":"<p style=\"text-align: justify;\"><strong>Nueva York<\/strong>.- Activistas de la organizaci\u00f3n \u00abAnimal Equality\u00bb realizaron una protesta frente a la joyer\u00eda Pandora en el 110 al Oeste de la calle 42 de Manhattan, para denunciar los presuntos v\u00ednculos de la marca de joyer\u00eda con un esc\u00e1ndalo de crueldad animal que involucra a \u00abAhold Delhaize\u00bb, un gigante de la distribuci\u00f3n de alimentos a nivel mundial.<\/p>\n<p style=\"text-align: justify;\">Los manifestantes exigieron que Pandora elimine a Jan Zijderveld de su junta directiva que tambi\u00e9n forma parte de \u00abAhold Delhaize\u00bb, y tome una postura firme contra las pr\u00e1cticas que confinan animales en jaulas crueles, incluidas cerdas pre\u00f1adas y gallinas ponedoras.<\/p>\n<p style=\"text-align: justify;\">Esta protesta forma parte de un movimiento creciente que busca responsabilizar a las empresas por apoyar cadenas de suministro que perpet\u00faan el sufrimiento animal.<\/p>\n<p style=\"text-align: justify;\">La indignaci\u00f3n p\u00fablica fue alimentada por informes de expertos en bienestar animal, veterinarios y consumidores que condenan el uso de jaulas de gestaci\u00f3n como pr\u00e1cticas crueles contra los animales. Los activistas tambi\u00e9n se\u00f1alaron que esta complicidad podr\u00eda tener graves repercusiones para la reputaci\u00f3n de Pandora si no toma medidas inmediatas.<\/p>\n<p style=\"text-align: justify;\">Adem\u00e1s de la protesta, los manifestantes planean una campa\u00f1a en redes sociales para amplificar el mensaje y exigir transparencia en las pol\u00edticas corporativas de Pandora y Ahold Delhaize.<\/p>\n<blockquote>\n<p style=\"text-align: justify;\">\u201cLos consumidores tienen derecho a saber si est\u00e1n apoyando la crueldad animal al comprar un producto\u201d, dijo una manifestante.<\/p>\n<\/blockquote>\n<p style=\"text-align: justify;\">Pandora a\u00fan no ha emitido un comunicado oficial en respuesta a las acusaciones, mientras las demandas de reformas en la cadena de suministro de \u00abAhold Delhaize\u00bb contin\u00faan ganando fuerza.<\/p>\n<p style=\"text-align: justify;\">Los activistas han dejado claro que no cesar\u00e1n hasta que las empresas implicadas eliminen las jaulas para animales de sus pr\u00e1cticas comerciales, enviando un mensaje contundente a los l\u00edderes corporativos, porque consideran que el bienestar animal no es negociable.<\/p>\n<p>Fuente: Luis Alfredo Collado<\/p>\n","protected":false},"excerpt":{"rendered":"<p>Nueva York.- Activistas de la organizaci\u00f3n \u00abAnimal Equality\u00bb realizaron una protesta frente a la joyer\u00eda<\/p>\n","protected":false},"author":1,"featured_media":36058,"comment_status":"open","ping_status":"open","sticky":false,"template":"","format":"standard","meta":{"footnotes":""},"categories":[16],"tags":[],"class_list":["post-36057","post","type-post","status-publish","format-standard","has-post-thumbnail","hentry","category-internacionales"],"_links":{"self":[{"href":"https:\/\/defrentealaverdad.com\/index.php\/wp-json\/wp\/v2\/posts\/36057","targetHints":{"allow":["GET"]}}],"collection":[{"href":"https:\/\/defrentealaverdad.com\/index.php\/wp-json\/wp\/v2\/posts"}],"about":[{"href":"https:\/\/defrentealaverdad.com\/index.php\/wp-json\/wp\/v2\/types\/post"}],"author":[{"embeddable":true,"href":"https:\/\/defrentealaverdad.com\/index.php\/wp-json\/wp\/v2\/users\/1"}],"replies":[{"embeddable":true,"href":"https:\/\/defrentealaverdad.com\/index.php\/wp-json\/wp\/v2\/comments?post=36057"}],"version-history":[{"count":1,"href":"https:\/\/defrentealaverdad.com\/index.php\/wp-json\/wp\/v2\/posts\/36057\/revisions"}],"predecessor-version":[{"id":36059,"href":"https:\/\/defrentealaverdad.com\/index.php\/wp-json\/wp\/v2\/posts\/36057\/revisions\/36059"}],"wp:featuredmedia":[{"embeddable":true,"href":"https:\/\/defrentealaverdad.com\/index.php\/wp-json\/wp\/v2\/media\/36058"}],"wp:attachment":[{"href":"https:\/\/defrentealaverdad.com\/index.php\/wp-json\/wp\/v2\/media?parent=36057"}],"wp:term":[{"taxonomy":"category","embeddable":true,"href":"https:\/\/defrentealaverdad.com\/index.php\/wp-json\/wp\/v2\/categories?post=36057"},{"taxonomy":"post_tag","embeddable":true,"href":"https:\/\/defrentealaverdad.com\/index.php\/wp-json\/wp\/v2\/tags?post=36057"}],"curies":[{"name":"wp","href":"https:\/\/api.w.org\/{rel}","templated":true}]}}