{"id":3600,"date":"2023-02-07T18:56:48","date_gmt":"2023-02-07T18:56:48","guid":{"rendered":"https:\/\/defrentealaverdad.com\/?p=3600"},"modified":"2023-02-07T18:56:48","modified_gmt":"2023-02-07T18:56:48","slug":"presidente-luis-abinader-mide-y-digev-inauguran-moderna-escuela-tecnico-vocacional-en-pedernales-a-un-costo-superior-a-los-rd-68-millones","status":"publish","type":"post","link":"https:\/\/defrentealaverdad.com\/index.php\/2023\/02\/07\/presidente-luis-abinader-mide-y-digev-inauguran-moderna-escuela-tecnico-vocacional-en-pedernales-a-un-costo-superior-a-los-rd-68-millones\/","title":{"rendered":"Presidente Luis Abinader, MIDE y DIGEV inauguran moderna Escuela T\u00e9cnico-Vocacional en Pedernales a un costo superior a los RD$ 68 millones"},"content":{"rendered":"<p style=\"text-align: justify;\">Por Felix Rubio<\/p>\n<p style=\"text-align: justify;\">El corte de cinta fue realizado por el Presidente Luis Abinader junto al Ministro de Defensa,Teniente General ERD., Carlos Luciano D\u00edaz Morfa, y el director general de las Escuelas Vocacionales, Mayor General ERD., Juan Jos\u00e9 Ota\u00f1o Jim\u00e9nez<br \/>\n<img decoding=\"async\" data-src=\"https:\/\/7dias.com.do\/wp-content\/uploads\/2023\/02\/guebo-en-candela-002o1-650x400.jpeg\" alt=\"7dias.com.do :: El Presidente, MIDE y DIGEV inauguran Escuela T\u00e9cnico- Vocacional en Pedernales a un costo de RD$68 millones\" src=\"data:image\/svg+xml;base64,PHN2ZyB3aWR0aD0iMSIgaGVpZ2h0PSIxIiB4bWxucz0iaHR0cDovL3d3dy53My5vcmcvMjAwMC9zdmciPjwvc3ZnPg==\" class=\"lazyload\" style=\"--smush-placeholder-width: 650px; --smush-placeholder-aspect-ratio: 650\/400;\" \/><\/p>\n<p style=\"text-align: justify;\">\nPEDERNALES:- El Presidente Luis Abinader junto al Ministerio de Defensa, Teniente General ERD., Carlos Luciano D\u00edaz Morfa; y el director general de las Escuelas Vocacionales de las Fuerzas Armadas y de la Polic\u00eda Nacional (DIGEV), Mayor GeneralERD., Juan Jos\u00e9 Ota\u00f1o Jim\u00e9nez; dejaron inaugurada este domingo aqu\u00ed una nueva escuela vocacional totalmente equipada, donde miles de estudiantes de esa demarcaci\u00f3n podr\u00e1n recibir formaci\u00f3n en 26 acciones formativas.<\/p>\n<p style=\"text-align: justify;\">La moderna infraestructura educativa que fue construida en una extensi\u00f3n de terreno de 5,600 metros cuadrados, consta de una nave de cuatro aulas y otra con tres talleres, as\u00ed como un \u00e1rea administrativa con dos ba\u00f1os, cocina, cafeter\u00eda, oficinas del inspector, jefe de estudio, \u00e1rea de archivo, recepci\u00f3n, administraci\u00f3n, almac\u00e9n, consultorios m\u00e9dicos y cancha.<\/p>\n<p>Las instalaciones que conllevaron una inversi\u00f3n RD$ 68,217, 824 millones contar\u00e1n, adem\u00e1s, con \u00e1reas verdes, parqueos vehiculares, garita de seguridad, caseta de planta el\u00e9ctrica, agua potable y cisterna.<br \/>\nMediante un comunicado de prensa, la DIGEV inform\u00f3 que la nueva Escuela Vocacional tendr\u00e1 una capacidad para 650 estudiantes en el primer semestre y 850 en el segundo para un total de 1,500 al a\u00f1o.<\/p>\n<p>Las confortables instalaciones t\u00e9cnico-vocacionales fueron construidas por instrucciones del ministro de Defensa, Teniente General ERD.; Carlos Luciano D\u00edaz Morfa, atendiendo a un mandato del Presidente de la Rep\u00fablica Luis Abinader sobre su inter\u00e9s de impulsar el Proyecto de Desarrollo Tur\u00edstico de Pedernales y la zona sur.<\/p>\n<p>En la referida Escuela Vocacional los estudiantes podr\u00e1n formarse en ebanister\u00eda, desabolladora y pintura, mec\u00e1nica automotriz, corte y confecci\u00f3n, cocina b\u00e1sica, auxiliar de belleza, \u00a0 electricidad residencial, plomer\u00eda, barber\u00eda, hoteler\u00eda y turismo, bar tender (manejo de bar), camarero, inform\u00e1tica, refrigeraci\u00f3n automotriz y residencial, electricidad automotriz, oratoria y locuci\u00f3n, auxiliar de farmacia, electricidad industrial, reposter\u00eda, masaje corporal, conductor de veh\u00edculos, auxiliar de contabilidad, productor de invernadero, entre otras .<\/p>\n<p style=\"text-align: justify;\">Al pronunciar las palabras de bienvenida del acto, el director de la DIGEV, Mayor General ERD Juan Jos\u00e9 Ota\u00f1o Jim\u00e9nez; indic\u00f3 que esas instalaciones servir\u00e1n de plataforma a los planes de inclusi\u00f3n social que viene desarrollando el Gobierno a trav\u00e9s de los diferentes programas que tiene en ejecuci\u00f3n el Gabinete de Pol\u00edticas Sociales de la Presidencia a los fines de seguir mejorando la calidad de vida de los dominicanos.<\/p>\n<p style=\"text-align: justify;\">\u00a8Pedernales y las dem\u00e1s demarcaciones aleda\u00f1as deben prepararse para un gran cambio, y ese cambio, traer\u00e1 oportunidades de empleos y una mejor calidad de vida para todos sus residentes mediante ese plan de desarrollo integral anunciado por presidente Luis Abinader para esa comunidad, resalt\u00f3.<\/p>\n<p style=\"text-align: justify;\">Manifest\u00f3 que la oportunidad de crecer y alcanzar el bienestar individual y colectivo descansa en una buena capacitaci\u00f3n y formaci\u00f3n, por lo que la instalaci\u00f3n de esta Escuela Vocacional significa un paso de avance en ese sentido. A la actividad asistieron, adem\u00e1s, autoridades gubernamentales, municipales y militares, as\u00ed como otras personalidades de la referida comunidad sure\u00f1a.\n<\/p>\n<p style=\"text-align: justify;\">\n<p style=\"text-align: justify;\">Fuente: Prensa y Relaciones P\u00fablicas DIGEV<\/p>\n","protected":false},"excerpt":{"rendered":"<p>Por Felix Rubio El corte de cinta fue realizado por el Presidente Luis Abinader junto<\/p>\n","protected":false},"author":1,"featured_media":0,"comment_status":"open","ping_status":"open","sticky":false,"template":"","format":"standard","meta":{"footnotes":""},"categories":[7],"tags":[],"class_list":["post-3600","post","type-post","status-publish","format-standard","hentry","category-nacionales"],"_links":{"self":[{"href":"https:\/\/defrentealaverdad.com\/index.php\/wp-json\/wp\/v2\/posts\/3600","targetHints":{"allow":["GET"]}}],"collection":[{"href":"https:\/\/defrentealaverdad.com\/index.php\/wp-json\/wp\/v2\/posts"}],"about":[{"href":"https:\/\/defrentealaverdad.com\/index.php\/wp-json\/wp\/v2\/types\/post"}],"author":[{"embeddable":true,"href":"https:\/\/defrentealaverdad.com\/index.php\/wp-json\/wp\/v2\/users\/1"}],"replies":[{"embeddable":true,"href":"https:\/\/defrentealaverdad.com\/index.php\/wp-json\/wp\/v2\/comments?post=3600"}],"version-history":[{"count":1,"href":"https:\/\/defrentealaverdad.com\/index.php\/wp-json\/wp\/v2\/posts\/3600\/revisions"}],"predecessor-version":[{"id":3601,"href":"https:\/\/defrentealaverdad.com\/index.php\/wp-json\/wp\/v2\/posts\/3600\/revisions\/3601"}],"wp:attachment":[{"href":"https:\/\/defrentealaverdad.com\/index.php\/wp-json\/wp\/v2\/media?parent=3600"}],"wp:term":[{"taxonomy":"category","embeddable":true,"href":"https:\/\/defrentealaverdad.com\/index.php\/wp-json\/wp\/v2\/categories?post=3600"},{"taxonomy":"post_tag","embeddable":true,"href":"https:\/\/defrentealaverdad.com\/index.php\/wp-json\/wp\/v2\/tags?post=3600"}],"curies":[{"name":"wp","href":"https:\/\/api.w.org\/{rel}","templated":true}]}}