{"id":3597,"date":"2023-02-06T18:25:18","date_gmt":"2023-02-06T18:25:18","guid":{"rendered":"https:\/\/defrentealaverdad.com\/?p=3597"},"modified":"2024-11-19T19:36:12","modified_gmt":"2024-11-19T19:36:12","slug":"pensionados-ffaa-y-pn-realizan-convivencia","status":"publish","type":"post","link":"https:\/\/defrentealaverdad.com\/index.php\/2023\/02\/06\/pensionados-ffaa-y-pn-realizan-convivencia\/","title":{"rendered":"Pensionados FFAA y PN realizan convivencia"},"content":{"rendered":"<p style=\"text-align: justify;\">Por Felix Rubio<\/p>\n<p style=\"text-align: justify;\"><img decoding=\"async\" class=\"alignnone size-medium wp-image-3598 lazyload\" data-src=\"https:\/\/defrentealaverdad.com\/wp-content\/uploads\/2023\/02\/WhatsApp-Image-2023-02-06-at-13.20.52-300x169.jpeg\" alt=\"\" width=\"300\" height=\"169\" data-srcset=\"https:\/\/defrentealaverdad.com\/wp-content\/uploads\/2023\/02\/WhatsApp-Image-2023-02-06-at-13.20.52-300x169.jpeg 300w, https:\/\/defrentealaverdad.com\/wp-content\/uploads\/2023\/02\/WhatsApp-Image-2023-02-06-at-13.20.52-1024x576.jpeg 1024w, https:\/\/defrentealaverdad.com\/wp-content\/uploads\/2023\/02\/WhatsApp-Image-2023-02-06-at-13.20.52-768x432.jpeg 768w, https:\/\/defrentealaverdad.com\/wp-content\/uploads\/2023\/02\/WhatsApp-Image-2023-02-06-at-13.20.52-800x450.jpeg 800w, https:\/\/defrentealaverdad.com\/wp-content\/uploads\/2023\/02\/WhatsApp-Image-2023-02-06-at-13.20.52.jpeg 1416w\" data-sizes=\"(max-width: 300px) 100vw, 300px\" src=\"data:image\/svg+xml;base64,PHN2ZyB3aWR0aD0iMSIgaGVpZ2h0PSIxIiB4bWxucz0iaHR0cDovL3d3dy53My5vcmcvMjAwMC9zdmciPjwvc3ZnPg==\" style=\"--smush-placeholder-width: 300px; --smush-placeholder-aspect-ratio: 300\/169;\" \/><\/p>\n<p style=\"text-align: justify;\">Reclaman mejores condiciones para sus miembros<\/p>\n<p style=\"text-align: justify;\">Santo Domingo. \u2013 Decenas de pensionados de la Fuerzas Armadas y la Polic\u00eda Nacional aglutinados en la entidad \u201cLegionarios con Dignidad\u201d realizaron una convivencia con representantes del Gran Santo Domingo.<\/p>\n<p style=\"text-align: justify;\">Durante el evento, llevado a cabo en el sector Los Mina de esta capital, los Legionarios con Dignidad desarrollaron diversas actividades, entre ellas diferentes juegos, m\u00fasica, concluyendo con un almuerzo.<\/p>\n<p style=\"text-align: justify;\">Los Legionarios presentaron el debut de la primera Banda de M\u00fasica de los pensionados, que inicia actividades para rescatar las retretas en los parques, en busca de difundir los valores patrios y el nacionalismo que identifica a los veteranos pensionados de las FF.AA y la P.N.<\/p>\n<p style=\"text-align: justify;\">En el marco de la actividad, el coordinador nacional de la entidad, Mayor General Retirado Valerio Garc\u00eda Reyes ERD, ley\u00f3 la Proclama de la Dignidad, se\u00f1alando que los hombres y mujeres que permanecieron 20, 25, 30, 35 y 40 a\u00f1os con el uniforme, sirviendo a la Patria con lealtad y honor, reclaman una serie de reivindicaciones, entre las que se encuentran: sueldos dignos, mayor cobertura de salud y medicina, viviendas dignas y respeto a los derechos establecidos en la Constituci\u00f3n y las leyes.<\/p>\n<p style=\"text-align: justify;\">Finaliz\u00f3 diciendo que el presidente prometi\u00f3 un aumento de sueldo, y todav\u00eda los veteranos esperan por el cumplimiento de esa promesa.<\/p>\n<p>&nbsp;<\/p>\n<p>Fuente: Externa<\/p>\n","protected":false},"excerpt":{"rendered":"<p>Por Felix Rubio Reclaman mejores condiciones para sus miembros Santo Domingo. \u2013 Decenas de pensionados<\/p>\n","protected":false},"author":1,"featured_media":0,"comment_status":"open","ping_status":"open","sticky":false,"template":"","format":"standard","meta":{"footnotes":""},"categories":[7],"tags":[],"class_list":["post-3597","post","type-post","status-publish","format-standard","hentry","category-nacionales"],"_links":{"self":[{"href":"https:\/\/defrentealaverdad.com\/index.php\/wp-json\/wp\/v2\/posts\/3597","targetHints":{"allow":["GET"]}}],"collection":[{"href":"https:\/\/defrentealaverdad.com\/index.php\/wp-json\/wp\/v2\/posts"}],"about":[{"href":"https:\/\/defrentealaverdad.com\/index.php\/wp-json\/wp\/v2\/types\/post"}],"author":[{"embeddable":true,"href":"https:\/\/defrentealaverdad.com\/index.php\/wp-json\/wp\/v2\/users\/1"}],"replies":[{"embeddable":true,"href":"https:\/\/defrentealaverdad.com\/index.php\/wp-json\/wp\/v2\/comments?post=3597"}],"version-history":[{"count":1,"href":"https:\/\/defrentealaverdad.com\/index.php\/wp-json\/wp\/v2\/posts\/3597\/revisions"}],"predecessor-version":[{"id":3599,"href":"https:\/\/defrentealaverdad.com\/index.php\/wp-json\/wp\/v2\/posts\/3597\/revisions\/3599"}],"wp:attachment":[{"href":"https:\/\/defrentealaverdad.com\/index.php\/wp-json\/wp\/v2\/media?parent=3597"}],"wp:term":[{"taxonomy":"category","embeddable":true,"href":"https:\/\/defrentealaverdad.com\/index.php\/wp-json\/wp\/v2\/categories?post=3597"},{"taxonomy":"post_tag","embeddable":true,"href":"https:\/\/defrentealaverdad.com\/index.php\/wp-json\/wp\/v2\/tags?post=3597"}],"curies":[{"name":"wp","href":"https:\/\/api.w.org\/{rel}","templated":true}]}}