{"id":35969,"date":"2024-12-26T22:29:03","date_gmt":"2024-12-26T22:29:03","guid":{"rendered":"https:\/\/defrentealaverdad.com\/?p=35969"},"modified":"2024-12-29T22:30:40","modified_gmt":"2024-12-29T22:30:40","slug":"uruguay-lleva-mas-de-100-anos-sin-celebrar-navidad-el-dia-de-reyes-y-semana-santa","status":"publish","type":"post","link":"https:\/\/defrentealaverdad.com\/index.php\/2024\/12\/26\/uruguay-lleva-mas-de-100-anos-sin-celebrar-navidad-el-dia-de-reyes-y-semana-santa\/","title":{"rendered":"Uruguay lleva m\u00e1s de 100 a\u00f1os sin celebrar Navidad, el D\u00eda de Reyes y Semana Santa"},"content":{"rendered":"<p style=\"text-align: justify;\">Uruguay es el \u00fanico pa\u00eds latinoamericano que no celebra ni viste sus ciudades por la festividad de Navidad.<\/p>\n<p style=\"text-align: justify;\">La raz\u00f3n principal se relaciona con la separaci\u00f3n entre Estado e Iglesia hace m\u00e1s de 100 a\u00f1os.<\/p>\n<p style=\"text-align: justify;\">Desde 1919, las leyes uruguayas marcaron una distancia formal que llev\u00f3 a que se eliminara el calendario de las fiestas de nacimiento y se reemplazara por el D\u00eda de la Familia.<\/p>\n<p style=\"text-align: justify;\">Sin embargo, no est\u00e1 prohibido celebrar esta fiesta cat\u00f3lica en el pa\u00eds, por lo que muchos ciudadanos adornan sus casas con luces llamativas.<\/p>\n<p style=\"text-align: justify;\">Como en el caso de la Navidad, tampoco se celebra Semana Santa, sino la semana de Turismo; en el d\u00eda de los Reyes Magos se celebra el D\u00eda de los Ni\u00f1os, y el d\u00eda de la Virgen Mar\u00eda es reemplazado por el d\u00eda de las Playas.<\/p>\n<p style=\"text-align: justify;\">No obstante, esto no significa que sean celebraciones prohibidas, pues en las calles, y quienes lo desean, celebran la Navidad el 24 de diciembre y siguen tradiciones como decorar con luces y reconocer esta celebraci\u00f3n como una festividad de origen cristiano.<\/p>\n<p>&nbsp;<\/p>\n<p>Fuente: RC Noticias<\/p>\n","protected":false},"excerpt":{"rendered":"<p>Uruguay es el \u00fanico pa\u00eds latinoamericano que no celebra ni viste sus ciudades por la<\/p>\n","protected":false},"author":2,"featured_media":35971,"comment_status":"open","ping_status":"open","sticky":false,"template":"","format":"standard","meta":{"footnotes":""},"categories":[16],"tags":[],"class_list":["post-35969","post","type-post","status-publish","format-standard","has-post-thumbnail","hentry","category-internacionales"],"_links":{"self":[{"href":"https:\/\/defrentealaverdad.com\/index.php\/wp-json\/wp\/v2\/posts\/35969","targetHints":{"allow":["GET"]}}],"collection":[{"href":"https:\/\/defrentealaverdad.com\/index.php\/wp-json\/wp\/v2\/posts"}],"about":[{"href":"https:\/\/defrentealaverdad.com\/index.php\/wp-json\/wp\/v2\/types\/post"}],"author":[{"embeddable":true,"href":"https:\/\/defrentealaverdad.com\/index.php\/wp-json\/wp\/v2\/users\/2"}],"replies":[{"embeddable":true,"href":"https:\/\/defrentealaverdad.com\/index.php\/wp-json\/wp\/v2\/comments?post=35969"}],"version-history":[{"count":2,"href":"https:\/\/defrentealaverdad.com\/index.php\/wp-json\/wp\/v2\/posts\/35969\/revisions"}],"predecessor-version":[{"id":35972,"href":"https:\/\/defrentealaverdad.com\/index.php\/wp-json\/wp\/v2\/posts\/35969\/revisions\/35972"}],"wp:featuredmedia":[{"embeddable":true,"href":"https:\/\/defrentealaverdad.com\/index.php\/wp-json\/wp\/v2\/media\/35971"}],"wp:attachment":[{"href":"https:\/\/defrentealaverdad.com\/index.php\/wp-json\/wp\/v2\/media?parent=35969"}],"wp:term":[{"taxonomy":"category","embeddable":true,"href":"https:\/\/defrentealaverdad.com\/index.php\/wp-json\/wp\/v2\/categories?post=35969"},{"taxonomy":"post_tag","embeddable":true,"href":"https:\/\/defrentealaverdad.com\/index.php\/wp-json\/wp\/v2\/tags?post=35969"}],"curies":[{"name":"wp","href":"https:\/\/api.w.org\/{rel}","templated":true}]}}