{"id":3573,"date":"2023-02-06T13:37:50","date_gmt":"2023-02-06T13:37:50","guid":{"rendered":"https:\/\/defrentealaverdad.com\/?p=3573"},"modified":"2023-02-06T13:38:51","modified_gmt":"2023-02-06T13:38:51","slug":"temblor-3-7-grados-sacude-matanzas-bani","status":"publish","type":"post","link":"https:\/\/defrentealaverdad.com\/index.php\/2023\/02\/06\/temblor-3-7-grados-sacude-matanzas-bani\/","title":{"rendered":"Temblor 3.7 grados sacude Matanzas, Ban\u00ed"},"content":{"rendered":"<p style=\"text-align: justify;\"><img decoding=\"async\" data-src=\"https:\/\/noticialibre.com\/wp-content\/uploads\/2023\/02\/screenshot_20230205-101558_chrome8519134467173190798.jpg\" src=\"data:image\/svg+xml;base64,PHN2ZyB3aWR0aD0iMSIgaGVpZ2h0PSIxIiB4bWxucz0iaHR0cDovL3d3dy53My5vcmcvMjAwMC9zdmciPjwvc3ZnPg==\" class=\"lazyload\" \/><\/p>\n<p>&nbsp;<\/p>\n<p style=\"text-align: justify;\">El Centro Nacional de Sismolog\u00eda de la Universidad Aut\u00f3noma de Santo Domingo (UASD) inform\u00f3 que se registr\u00f3 un sismo, de una magnitud de 3.7 en la escala de Richter, al sureste de Matanzas en Ban\u00ed, provincia Peravia.<\/p>\n<p style=\"text-align: justify;\">El terremoto se origin\u00f3 en la latitud 17.977, y longitud 70.363 a 30.1 kil\u00f3metros al sureste de la referida localidad en el Mar Caribe.<\/p>\n<p style=\"text-align: justify;\">Igualmente, el sismo se produjo a una profundidad de 43.2 kil\u00f3metros, aproximadamente a las 9:26 de la ma\u00f1ana de este domingo.<\/p>\n<p style=\"text-align: justify;\">Cabe se\u00f1alar que hace cuatro d\u00edas se produjo un movimiento tel\u00farico de mayor intensidad en otra zona de Ban\u00ed.<\/p>\n<p style=\"text-align: justify;\">Un sismo de magnitud 5.3 en la escala de Richer sacudi\u00f3 el pasado mi\u00e9rcoles primero de febrero la localidad de Las Calderas \u00a0el cual fue sentido en todo el territorio nacional, tambi\u00e9n en Hait\u00ed, Puerto Rico e Islas Turcas y Caicos.<\/p>\n<p>&nbsp;<\/p>\n<p>Fuente: Noticias Libre<\/p>\n","protected":false},"excerpt":{"rendered":"<p>&nbsp; El Centro Nacional de Sismolog\u00eda de la Universidad Aut\u00f3noma de Santo Domingo (UASD) inform\u00f3<\/p>\n","protected":false},"author":1,"featured_media":0,"comment_status":"open","ping_status":"open","sticky":false,"template":"","format":"standard","meta":{"footnotes":""},"categories":[7],"tags":[],"class_list":["post-3573","post","type-post","status-publish","format-standard","hentry","category-nacionales"],"_links":{"self":[{"href":"https:\/\/defrentealaverdad.com\/index.php\/wp-json\/wp\/v2\/posts\/3573","targetHints":{"allow":["GET"]}}],"collection":[{"href":"https:\/\/defrentealaverdad.com\/index.php\/wp-json\/wp\/v2\/posts"}],"about":[{"href":"https:\/\/defrentealaverdad.com\/index.php\/wp-json\/wp\/v2\/types\/post"}],"author":[{"embeddable":true,"href":"https:\/\/defrentealaverdad.com\/index.php\/wp-json\/wp\/v2\/users\/1"}],"replies":[{"embeddable":true,"href":"https:\/\/defrentealaverdad.com\/index.php\/wp-json\/wp\/v2\/comments?post=3573"}],"version-history":[{"count":2,"href":"https:\/\/defrentealaverdad.com\/index.php\/wp-json\/wp\/v2\/posts\/3573\/revisions"}],"predecessor-version":[{"id":3575,"href":"https:\/\/defrentealaverdad.com\/index.php\/wp-json\/wp\/v2\/posts\/3573\/revisions\/3575"}],"wp:attachment":[{"href":"https:\/\/defrentealaverdad.com\/index.php\/wp-json\/wp\/v2\/media?parent=3573"}],"wp:term":[{"taxonomy":"category","embeddable":true,"href":"https:\/\/defrentealaverdad.com\/index.php\/wp-json\/wp\/v2\/categories?post=3573"},{"taxonomy":"post_tag","embeddable":true,"href":"https:\/\/defrentealaverdad.com\/index.php\/wp-json\/wp\/v2\/tags?post=3573"}],"curies":[{"name":"wp","href":"https:\/\/api.w.org\/{rel}","templated":true}]}}