{"id":3568,"date":"2023-02-03T13:34:52","date_gmt":"2023-02-03T13:34:52","guid":{"rendered":"https:\/\/defrentealaverdad.com\/?p=3568"},"modified":"2023-02-06T13:36:47","modified_gmt":"2023-02-06T13:36:47","slug":"joven-agredida-por-limpiavidrios-formaliza-denuncia-en-la-policia","status":"publish","type":"post","link":"https:\/\/defrentealaverdad.com\/index.php\/2023\/02\/03\/joven-agredida-por-limpiavidrios-formaliza-denuncia-en-la-policia\/","title":{"rendered":"Joven agredida por limpiavidrios formaliza denuncia en la Polic\u00eda"},"content":{"rendered":"<header id=\"mvp-post-head\" class=\"left relative\">\n<div class=\"mvp-author-info-wrap left relative\">\n<div class=\"mvp-author-info-text left relative\">\n<div class=\"mvp-author-info-name left relative\" style=\"text-align: justify;\"><img decoding=\"async\" class=\"attachment- size- wp-post-image lazyload\" data-src=\"https:\/\/www.ultimasnoticias.com.do\/wp-content\/uploads\/2023\/02\/joven-pone-denuncia.jpeg\" data-sizes=\"(max-width: 1600px) 100vw, 1600px\" data-srcset=\"https:\/\/www.ultimasnoticias.com.do\/wp-content\/uploads\/2023\/02\/joven-pone-denuncia.jpeg 1600w, https:\/\/www.ultimasnoticias.com.do\/wp-content\/uploads\/2023\/02\/joven-pone-denuncia-300x225.jpeg 300w, https:\/\/www.ultimasnoticias.com.do\/wp-content\/uploads\/2023\/02\/joven-pone-denuncia-1024x768.jpeg 1024w, https:\/\/www.ultimasnoticias.com.do\/wp-content\/uploads\/2023\/02\/joven-pone-denuncia-768x576.jpeg 768w, https:\/\/www.ultimasnoticias.com.do\/wp-content\/uploads\/2023\/02\/joven-pone-denuncia-1536x1152.jpeg 1536w\" alt=\"\" width=\"744\" height=\"558\" src=\"data:image\/svg+xml;base64,PHN2ZyB3aWR0aD0iMSIgaGVpZ2h0PSIxIiB4bWxucz0iaHR0cDovL3d3dy53My5vcmcvMjAwMC9zdmciPjwvc3ZnPg==\" style=\"--smush-placeholder-width: 744px; --smush-placeholder-aspect-ratio: 744\/558;\" \/><\/div>\n<\/div>\n<\/div>\n<\/header>\n<div id=\"mvp-post-content\" class=\"left relative\">\n<div id=\"mvp-content-wrap\" class=\"left relative\">\n<div id=\"mvp-content-body\" class=\"left relative\">\n<div id=\"mvp-content-body-top\" class=\"left relative\">\n<div id=\"mvp-content-main\" class=\"left relative\">\n<p style=\"text-align: justify;\">SANTO DOMINGO.- La joven agredida en la cabeza por un limpiavidrios que le lanz\u00f3 una piedra al veh\u00edculo en que se desplazaba por la calle Olof Palme esquina N\u00fa\u00f1ez de C\u00e1ceres, de la capital, acudi\u00f3 ante las autoridades policiales junto a su padre para formalizar la denuncia.<\/p>\n<p style=\"text-align: justify;\">La joven, cuyo nombre se hace reserva, se present\u00f3 a la Polic\u00eda Nacional y el fiscal de la jurisdicci\u00f3n competente, acompa\u00f1ada de su padre Camel Bortokam, a los fines de iniciar la judicializaci\u00f3n del caso.<\/p>\n<p style=\"text-align: justify;\">De inmediato, personal policial aument\u00f3 los esfuerzos en busca del apodado \u201cCuatro Dedos\u201d, quien est\u00e1 siendo se\u00f1alado como el presunto autor de la agresi\u00f3n en contra de la joven estudiante de 19 a\u00f1os.<\/p>\n<figure class=\"wp-block-image size-large\" style=\"text-align: justify;\"><a href=\"https:\/\/www.ultimasnoticias.com.do\/wp-content\/uploads\/2023\/02\/jown-agredida-.png\"><img decoding=\"async\" class=\"wp-image-168510 lazyload\" data-src=\"https:\/\/www.ultimasnoticias.com.do\/wp-content\/uploads\/2023\/02\/jown-agredida--1024x576.png\" data-sizes=\"(max-width: 1024px) 100vw, 1024px\" data-srcset=\"https:\/\/www.ultimasnoticias.com.do\/wp-content\/uploads\/2023\/02\/jown-agredida--1024x576.png 1024w, https:\/\/www.ultimasnoticias.com.do\/wp-content\/uploads\/2023\/02\/jown-agredida--300x169.png 300w, https:\/\/www.ultimasnoticias.com.do\/wp-content\/uploads\/2023\/02\/jown-agredida--768x432.png 768w, https:\/\/www.ultimasnoticias.com.do\/wp-content\/uploads\/2023\/02\/jown-agredida--1536x864.png 1536w, https:\/\/www.ultimasnoticias.com.do\/wp-content\/uploads\/2023\/02\/jown-agredida-.png 1920w\" alt=\"\" width=\"626\" height=\"352\" src=\"data:image\/svg+xml;base64,PHN2ZyB3aWR0aD0iMSIgaGVpZ2h0PSIxIiB4bWxucz0iaHR0cDovL3d3dy53My5vcmcvMjAwMC9zdmciPjwvc3ZnPg==\" style=\"--smush-placeholder-width: 626px; --smush-placeholder-aspect-ratio: 626\/352;\" \/><\/a><\/figure>\n<p style=\"text-align: justify;\">Se recuerda que la Polic\u00eda hab\u00eda iniciado las investigaciones del caso, luego de conocerlo a trav\u00e9s de las redes sociales y medios de comunicaci\u00f3n.<\/p>\n<p style=\"text-align: justify;\">Tan pronto, la instituci\u00f3n del orden hizo p\u00fablica sus acciones, el padre de la v\u00edctima se comunic\u00f3 con los investigadores y hoy a primera hora presentaron la acusaci\u00f3n y querella en contra del agresor.<\/p>\n<\/div>\n<\/div>\n<\/div>\n<\/div>\n<\/div>\n<p>&nbsp;<\/p>\n<p>&nbsp;<\/p>\n<p>Fuente: Ultimas Noticias<\/p>\n","protected":false},"excerpt":{"rendered":"<p>SANTO DOMINGO.- La joven agredida en la cabeza por un limpiavidrios que le lanz\u00f3 una<\/p>\n","protected":false},"author":1,"featured_media":0,"comment_status":"open","ping_status":"open","sticky":false,"template":"","format":"standard","meta":{"footnotes":""},"categories":[7],"tags":[],"class_list":["post-3568","post","type-post","status-publish","format-standard","hentry","category-nacionales"],"_links":{"self":[{"href":"https:\/\/defrentealaverdad.com\/index.php\/wp-json\/wp\/v2\/posts\/3568","targetHints":{"allow":["GET"]}}],"collection":[{"href":"https:\/\/defrentealaverdad.com\/index.php\/wp-json\/wp\/v2\/posts"}],"about":[{"href":"https:\/\/defrentealaverdad.com\/index.php\/wp-json\/wp\/v2\/types\/post"}],"author":[{"embeddable":true,"href":"https:\/\/defrentealaverdad.com\/index.php\/wp-json\/wp\/v2\/users\/1"}],"replies":[{"embeddable":true,"href":"https:\/\/defrentealaverdad.com\/index.php\/wp-json\/wp\/v2\/comments?post=3568"}],"version-history":[{"count":3,"href":"https:\/\/defrentealaverdad.com\/index.php\/wp-json\/wp\/v2\/posts\/3568\/revisions"}],"predecessor-version":[{"id":3571,"href":"https:\/\/defrentealaverdad.com\/index.php\/wp-json\/wp\/v2\/posts\/3568\/revisions\/3571"}],"wp:attachment":[{"href":"https:\/\/defrentealaverdad.com\/index.php\/wp-json\/wp\/v2\/media?parent=3568"}],"wp:term":[{"taxonomy":"category","embeddable":true,"href":"https:\/\/defrentealaverdad.com\/index.php\/wp-json\/wp\/v2\/categories?post=3568"},{"taxonomy":"post_tag","embeddable":true,"href":"https:\/\/defrentealaverdad.com\/index.php\/wp-json\/wp\/v2\/tags?post=3568"}],"curies":[{"name":"wp","href":"https:\/\/api.w.org\/{rel}","templated":true}]}}