{"id":3561,"date":"2023-02-04T13:32:00","date_gmt":"2023-02-04T13:32:00","guid":{"rendered":"https:\/\/defrentealaverdad.com\/?p=3561"},"modified":"2023-02-06T13:32:36","modified_gmt":"2023-02-06T13:32:36","slug":"recursos-del-encaje-legal-generan-alta-demanda-sector-construccion-espera-mas-fondos","status":"publish","type":"post","link":"https:\/\/defrentealaverdad.com\/index.php\/2023\/02\/04\/recursos-del-encaje-legal-generan-alta-demanda-sector-construccion-espera-mas-fondos\/","title":{"rendered":"Recursos del encaje legal generan alta demanda; sector construcci\u00f3n espera m\u00e1s fondos"},"content":{"rendered":"<p style=\"text-align: justify;\"><img decoding=\"async\" data-src=\"https:\/\/reporterosenlineard.com\/wp-content\/uploads\/2023\/02\/contrucion-apar.jpg\" src=\"data:image\/svg+xml;base64,PHN2ZyB3aWR0aD0iMSIgaGVpZ2h0PSIxIiB4bWxucz0iaHR0cDovL3d3dy53My5vcmcvMjAwMC9zdmciPjwvc3ZnPg==\" class=\"lazyload\" \/><\/p>\n<p style=\"text-align: justify;\">El 1 de febrero de 2023, las entidades financieras del pa\u00eds debieron iniciar la aplicaci\u00f3n de la resoluci\u00f3n emitida por la Junta Monetaria, en donde autoriza la\u00a0<strong>liberaci\u00f3n de recursos del encaje legal<\/strong>\u00a0para la canalizaci\u00f3n de\u00a0<strong>pr\u00e9stamos para la construcci\u00f3n\u00a0<\/strong>y adquisici\u00f3n de\u00a0<strong>viviendas de bajo costo<\/strong>.<\/p>\n<p style=\"text-align: justify;\">Las entidades financieras deben canalizar los financiamientos a una\u00a0<strong>tasa de inter\u00e9s<\/strong>\u00a0que\u00a0<strong>no exceda el 9.0 % anual<\/strong>, a plazos de hasta cinco a\u00f1os para la adquisici\u00f3n de viviendas y de dos a\u00f1os para la construcci\u00f3n (interinos).<\/p>\n<p style=\"text-align: justify;\">Estos recursos est\u00e1n siendo\u00a0<strong>muy demandados<\/strong>\u00a0por el\u00a0<strong>sector construcci\u00f3n<\/strong>, pues algunas entidades ya tienen los fondos comprometidos.<\/p>\n<p style=\"text-align: justify;\">El presidente de la\u00a0<strong>Asociaci\u00f3n de Constructores y Promotores de Vivienda<\/strong>\u00a0(Acoprovi), Jorge Montalvo, indic\u00f3 ayer que esta semana se envi\u00f3 el reglamento a las instituciones financieras e ir\u00e1n desembolsando el dinero por orden de llegada.<\/p>\n<p style=\"text-align: justify;\">\u201cLos\u00a0<strong>pr\u00e9stanos interinos<\/strong>\u00a0para los promotores deben colocarse bastante r\u00e1pido, pues eran un 20 por ciento\u201d, indic\u00f3.<\/p>\n<p style=\"text-align: justify;\">Para los pr\u00e9stamos interinos o para la construcci\u00f3n de viviendas se dispusieron\u00a0<strong>4,284.88 millones de pesos<\/strong>, que equivalen al\u00a0<strong>20 %\u00a0<\/strong>del total de 21,424.4 millones de pesos liberados del\u00a0<strong>encaje legal<\/strong>.<\/p>\n<p style=\"text-align: justify;\"><em>\u00abEl Encaje Legal es una obligaci\u00f3n de las entidades de intermediaci\u00f3n financiera de mantener una reserva de los fondos captados, ya sea en el Banco Central o donde determine la Junta Monetaria, seg\u00fan lo establece la Ley Monetaria y Financiera 183-02\u00bb<\/em><strong>Asociaci\u00f3n de Bancos M\u00faltiples de la Rep\u00fablica Dominicana<\/strong>\u201c<\/p>\n<p style=\"text-align: justify;\"><strong>Relacionados\u00a0<\/strong><\/p>\n<p style=\"text-align: justify;\">El presidente de la\u00a0<strong>Confederaci\u00f3n Dominicana de Peque\u00f1as y Medianas Empresas de la Construcci\u00f3n<\/strong>\u00a0(Copymecon), Eliseo Cristopher, inform\u00f3 ayer a\u00a0<em>Diario Libre<\/em>\u00a0que han ido a varios bancos solicitando que se tomen en consideraci\u00f3n a algunos grupos de ese gremio para el\u00a0<strong>encaje legal<\/strong>.<\/p>\n<p style=\"text-align: justify;\">\u201cLo que nos han dicho es que est\u00e1n esperando que se desembolse para ellos dar respuesta\u201d, indic\u00f3 Cristopher. Notific\u00f3 que en varias instituciones financieras le dijeron que\u00a0<strong>ya los recursos estaban comprometidos<\/strong>.<\/p>\n<p style=\"text-align: justify;\">\u201cCon respecto a los\u00a0<strong>pr\u00e9stamos interinos<\/strong>, no hemos tenido respuesta alguna, a pesar de que hemos hablado con varios bancos\u201d, dijo.<\/p>\n<p style=\"text-align: justify;\">Advirti\u00f3 que con los planes de vivienda que tiene el gobierno, m\u00e1s los proyectos de manera privada, los recursos dispuestos para la construcci\u00f3n\u00a0<strong>son insuficientes<\/strong>, por lo que espera que se contin\u00fae con esa pol\u00edtica.<\/p>\n<p style=\"text-align: justify;\">Fuente: Rene Polanco<\/p>\n","protected":false},"excerpt":{"rendered":"<p>El 1 de febrero de 2023, las entidades financieras del pa\u00eds debieron iniciar la aplicaci\u00f3n<\/p>\n","protected":false},"author":1,"featured_media":0,"comment_status":"open","ping_status":"open","sticky":false,"template":"","format":"standard","meta":{"footnotes":""},"categories":[7],"tags":[],"class_list":["post-3561","post","type-post","status-publish","format-standard","hentry","category-nacionales"],"_links":{"self":[{"href":"https:\/\/defrentealaverdad.com\/index.php\/wp-json\/wp\/v2\/posts\/3561","targetHints":{"allow":["GET"]}}],"collection":[{"href":"https:\/\/defrentealaverdad.com\/index.php\/wp-json\/wp\/v2\/posts"}],"about":[{"href":"https:\/\/defrentealaverdad.com\/index.php\/wp-json\/wp\/v2\/types\/post"}],"author":[{"embeddable":true,"href":"https:\/\/defrentealaverdad.com\/index.php\/wp-json\/wp\/v2\/users\/1"}],"replies":[{"embeddable":true,"href":"https:\/\/defrentealaverdad.com\/index.php\/wp-json\/wp\/v2\/comments?post=3561"}],"version-history":[{"count":2,"href":"https:\/\/defrentealaverdad.com\/index.php\/wp-json\/wp\/v2\/posts\/3561\/revisions"}],"predecessor-version":[{"id":3564,"href":"https:\/\/defrentealaverdad.com\/index.php\/wp-json\/wp\/v2\/posts\/3561\/revisions\/3564"}],"wp:attachment":[{"href":"https:\/\/defrentealaverdad.com\/index.php\/wp-json\/wp\/v2\/media?parent=3561"}],"wp:term":[{"taxonomy":"category","embeddable":true,"href":"https:\/\/defrentealaverdad.com\/index.php\/wp-json\/wp\/v2\/categories?post=3561"},{"taxonomy":"post_tag","embeddable":true,"href":"https:\/\/defrentealaverdad.com\/index.php\/wp-json\/wp\/v2\/tags?post=3561"}],"curies":[{"name":"wp","href":"https:\/\/api.w.org\/{rel}","templated":true}]}}