{"id":3548,"date":"2023-02-06T13:22:23","date_gmt":"2023-02-06T13:22:23","guid":{"rendered":"https:\/\/defrentealaverdad.com\/?p=3548"},"modified":"2023-02-06T13:23:10","modified_gmt":"2023-02-06T13:23:10","slug":"presidente-junta-de-retiro-de-las-fuerzas-armadas-asegura-mejoraran-pensiones-de-militares-retirados","status":"publish","type":"post","link":"https:\/\/defrentealaverdad.com\/index.php\/2023\/02\/06\/presidente-junta-de-retiro-de-las-fuerzas-armadas-asegura-mejoraran-pensiones-de-militares-retirados\/","title":{"rendered":"Presidente Junta de Retiro de las Fuerzas Armadas asegura mejorar\u00e1n pensiones de militares retirados"},"content":{"rendered":"<p>Por Felix Rubio<\/p>\n<p style=\"text-align: justify;\"><img decoding=\"async\" data-src=\"https:\/\/blogger.googleusercontent.com\/img\/b\/R29vZ2xl\/AVvXsEjoDuE2owaTu6H1g3q3QvtLuAf0Nzmp1B9mZeswesWdfqe-2HgTdhqrghvAwCQnR31KAwACheMe5JwkAcXbtKUprrGqwQTwJojf6oVqlK-i4DrHWxF2zM4kCbyoYdb3SJwtpwZTBKiQCimFjmBobFbzUCER5QdBCdCingDyVLR1dG_gDF4v2kVvt-f6\/s16000\/Reuni%C3%B3n%20de%20la%20Junta%20de%20Retiro%20y%20Fondo%20de%20Pensiones%20de%20las%20Fuerzas%20Armadas%20en%20Montecristi.jpeg\" src=\"data:image\/svg+xml;base64,PHN2ZyB3aWR0aD0iMSIgaGVpZ2h0PSIxIiB4bWxucz0iaHR0cDovL3d3dy53My5vcmcvMjAwMC9zdmciPjwvc3ZnPg==\" class=\"lazyload\" \/><\/p>\n<p style=\"text-align: justify;\">Montecristi &#8211; El presidente de la\u00a0<strong>Junta de Retiro y Fondo de Pensiones de las Fuerzas Armadas<\/strong>,\u00a0<strong>general Julio C\u00e9sar Hern\u00e1ndez Olivero<\/strong>, distribuy\u00f3 m\u00e1s de 200 raciones alimenticias, bonos y medicamentos a decenas de militares pensionados de la provincia Montecristi.<\/p>\n<p style=\"text-align: justify;\">La ayuda fue entregada luego de que los beneficiados acudieran a la\u00a0<strong>Fortaleza San Fernando\u00a0<\/strong>de esa localidad y le externaran al oficial militar y su equipo las carencias que padec\u00edan.<\/p>\n<p style=\"text-align: justify;\">Hern\u00e1ndez Olivero sostuvo que para este a\u00f1o esa instituci\u00f3n cuenta con un presupuesto de 350 millones de pesos, 100 millones m\u00e1s que el a\u00f1o anterior, para aumentar las pensiones, reconstrucci\u00f3n de viviendas de aquellos miembros de la Junta de Retiro de escasos ingresos.<\/p>\n<p style=\"text-align: justify;\">\u201cVinimos a Montecristi a traerles, entre otras cosas, las informaciones de las cosas nuevas que tenemos en la Junta de Retiro para ellos, para su beneficio, tales como: la inauguraci\u00f3n de la nueva cabina de telemedicina, las revisiones de sueldos, acuerdos que vamos a firmar con los\u00a0<strong>Institutos Tecnol\u00f3gico de las Am\u00e9ricas<\/strong>\u00a0(ITLA) y\u00a0<strong>de Formaci\u00f3n T\u00e9cnico Profesional\u00a0<\/strong>(INFOTEP)\u00a0 para becas para sus hijos\u201d, afirm\u00f3 Hern\u00e1ndez Olivero en conversaci\u00f3n con los militares retirados que sirvieron a la instituci\u00f3n por 20 y 30 a\u00f1os.<\/p>\n<p style=\"text-align: justify;\">En el acto de entrega de las ayudas a los beneficiados participaron, adem\u00e1s, el comandante general del\u00a0<strong>Ej\u00e9rcito de la Rep\u00fablica Dominicana<\/strong>,\u00a0<strong>mayor general Carlos Antonio Fern\u00e1ndez Onofre<\/strong>, quien reconoci\u00f3 la dedicaci\u00f3n del general Hern\u00e1ndez Olivero y todo su equipo en favor de los retirados y pensionados de las Fuerzas Armadas, al tiempo de animarles a continuar defendiendo la patria, ahora con labores comunitarias desde las distintas localidades en las que residen.<\/p>\n<p style=\"text-align: justify;\">Los beneficiados agradecieron el gesto y entre an\u00e9cdotas recordaron los momentos en que muchos de ellos fueron entrenados por los que hoy ya est\u00e1n pensionados.<\/p>\n<p style=\"text-align: justify;\">Martha Reynoso fue una de las pensionadas que al final del encuentro sali\u00f3 con rostro alegre, ya que a sus 65 a\u00f1os de edad, quien manifest\u00f3: \u201cNunca me hab\u00edan tratado con tanto cari\u00f1o. Me voy feliz porque llevo comida para varios d\u00edas, medicina para mis achaques y un bono de mil 500 pesos para la compa\u00f1a del arroz\u201d.<\/p>\n<p style=\"text-align: justify;\">\u201cOjal\u00e1 reuniones como estas se den a cada rato, porque as\u00ed el dinerito de mi pensi\u00f3n me rinde m\u00e1s, adem\u00e1s me gust\u00f3 del general que escucho todo lo que le dije con atenci\u00f3n, aunque ya yo soy un viejo\u201d, dijo Alonso Jim\u00e9nez.<\/p>\n<p style=\"text-align: justify;\">La Junta de Retito cuenta con m\u00e1s de 28 mil miembros y desde que el general Hern\u00e1ndez Olivero asumi\u00f3 la Presidencia de la entidad no ha cesado en la b\u00fasqueda de soluciones para garantizar mejor bienestar y mejorar la calidad de vida de cada uno de los integrantes que la componen.<\/p>\n<p style=\"text-align: justify;\">Todas estas acciones obedecen al inter\u00e9s del presidente Luis Rodolfo Abinader, autoridad suprema de las Fuerzas Armadas y la Polic\u00eda Nacional, para mejorar constantemente la calidad de vida de los retirados y pensionados, instrucciones que se desarrollan v\u00eda el ministro de Defensa, teniente general, Carlos Luciano D\u00edaz Morfa.<\/p>\n<p style=\"text-align: justify;\">\n<p style=\"text-align: justify;\"><strong>Fuente: Junta de Retiro y Fondo de Pensiones de las Fuerzas Armadas<\/strong><\/p>\n","protected":false},"excerpt":{"rendered":"<p>Por Felix Rubio Montecristi &#8211; El presidente de la\u00a0Junta de Retiro y Fondo de Pensiones<\/p>\n","protected":false},"author":1,"featured_media":0,"comment_status":"open","ping_status":"open","sticky":false,"template":"","format":"standard","meta":{"footnotes":""},"categories":[7],"tags":[],"class_list":["post-3548","post","type-post","status-publish","format-standard","hentry","category-nacionales"],"_links":{"self":[{"href":"https:\/\/defrentealaverdad.com\/index.php\/wp-json\/wp\/v2\/posts\/3548","targetHints":{"allow":["GET"]}}],"collection":[{"href":"https:\/\/defrentealaverdad.com\/index.php\/wp-json\/wp\/v2\/posts"}],"about":[{"href":"https:\/\/defrentealaverdad.com\/index.php\/wp-json\/wp\/v2\/types\/post"}],"author":[{"embeddable":true,"href":"https:\/\/defrentealaverdad.com\/index.php\/wp-json\/wp\/v2\/users\/1"}],"replies":[{"embeddable":true,"href":"https:\/\/defrentealaverdad.com\/index.php\/wp-json\/wp\/v2\/comments?post=3548"}],"version-history":[{"count":2,"href":"https:\/\/defrentealaverdad.com\/index.php\/wp-json\/wp\/v2\/posts\/3548\/revisions"}],"predecessor-version":[{"id":3550,"href":"https:\/\/defrentealaverdad.com\/index.php\/wp-json\/wp\/v2\/posts\/3548\/revisions\/3550"}],"wp:attachment":[{"href":"https:\/\/defrentealaverdad.com\/index.php\/wp-json\/wp\/v2\/media?parent=3548"}],"wp:term":[{"taxonomy":"category","embeddable":true,"href":"https:\/\/defrentealaverdad.com\/index.php\/wp-json\/wp\/v2\/categories?post=3548"},{"taxonomy":"post_tag","embeddable":true,"href":"https:\/\/defrentealaverdad.com\/index.php\/wp-json\/wp\/v2\/tags?post=3548"}],"curies":[{"name":"wp","href":"https:\/\/api.w.org\/{rel}","templated":true}]}}