{"id":3544,"date":"2023-02-06T13:19:02","date_gmt":"2023-02-06T13:19:02","guid":{"rendered":"https:\/\/defrentealaverdad.com\/?p=3544"},"modified":"2023-02-06T13:19:37","modified_gmt":"2023-02-06T13:19:37","slug":"el-papa-francisco-pone-fin-a-su-viaje-en-africa-y-regresa-a-roma","status":"publish","type":"post","link":"https:\/\/defrentealaverdad.com\/index.php\/2023\/02\/06\/el-papa-francisco-pone-fin-a-su-viaje-en-africa-y-regresa-a-roma\/","title":{"rendered":"El Papa Francisco pone fin a su viaje en \u00c1frica y regresa a Roma"},"content":{"rendered":"<p style=\"text-align: justify;\"><img decoding=\"async\" data-src=\"http:\/\/diariodominicano.com\/wp-content\/uploads\/2023\/02\/Papa-regresa-luego-de-su-viaje-en-africa5-2-23.jpg\" src=\"data:image\/svg+xml;base64,PHN2ZyB3aWR0aD0iMSIgaGVpZ2h0PSIxIiB4bWxucz0iaHR0cDovL3d3dy53My5vcmcvMjAwMC9zdmciPjwvc3ZnPg==\" class=\"lazyload\" \/><\/p>\n<p style=\"text-align: justify;\">Vaticano- El viaje apost\u00f3lico del Papa Francisco a \u00c1frica lleg\u00f3 a su fin. En la ma\u00f1ana de este domingo 5 de febrero, el Santo Padre <strong>despeg\u00f3 con destino a Roma<\/strong> tras despedirse de Sud\u00e1n del Sur.Despu\u00e9s de celebrar una multitudinaria Misa en el Mausoleo de John Garang ante la presencia de unos 100 mil fieles, el Papa Francisco se traslad\u00f3 al aeropuerto internacional de Yuba, donde hubo una ceremonia de despedida.<\/p>\n<div class=\"google-auto-placed ap_container\" style=\"text-align: justify;\">\n<p>El avi\u00f3n, que lleva tambi\u00e9n a los Cardenales que han viajado junto a \u00e9l y a los periodistas que han cubierto este 40\u00ba viaje apost\u00f3lico, despeg\u00f3 a las 11:56 horas (hora local), 30 minutos m\u00e1s tarde de lo programado. El Santo Padre <strong>comenz\u00f3 este hist\u00f3rico viaje el mi\u00e9rcoles 31 de enero<\/strong>, llegando a la Rep\u00fablica Democr\u00e1tica del Congo.<\/p>\n<p>Siguiendo los pasos de San Juan Pablo II, el Papa Francisco pidi\u00f3 en reiteradas ocasiones la paz y el cese de las guerras civiles que asolan el pa\u00eds. En su primera parada del viaje, tuvo un encuentro con las autoridades civiles, celebr\u00f3 una Misa ante un mill\u00f3n de africanos y tambi\u00e9n se reuni\u00f3 con los j\u00f3venes y con obispos y otros religiosos del pa\u00eds.<\/p>\n<\/div>\n<p style=\"text-align: justify;\">El Pont\u00edfice pis\u00f3 el suelo sudan\u00e9s el viernes 3 de febrero, acompa\u00f1ado del Arzobispo de Canterbury y con el Moderador de la Asamblea General de la Iglesia de Escocia. El Papa Francisco se ha convertido en el primer Sucesor de Pedro en visitar este pa\u00eds, donde ha podido encontrarse con la autoridades y religiosos y con los desplazados internos <strong>debido a las guerras y los desastres naturales<\/strong>.<\/p>\n<div class=\"google-auto-placed ap_container\" style=\"text-align: justify;\">\n<p>Adem\u00e1s, particip\u00f3 en una oraci\u00f3n ecum\u00e9nica por la paz, donde invit\u00f3 a los cristianos de Sud\u00e1n del Sur a rezar para tener fuerzas, trabajar diariamente por la paz y caminar en unidad a fin de combatir las adversidades y la violencia que aqueja al pa\u00eds. Est\u00e1 previsto que el Santo Padre aterrice en el aeropuerto Fiumicino de Roma a las 17:30 horas (hora local).<\/p>\n<\/div>\n<p style=\"text-align: justify;\">\n<p style=\"text-align: justify;\">Fuente: Diario Dominicano<\/p>\n","protected":false},"excerpt":{"rendered":"<p>Vaticano- El viaje apost\u00f3lico del Papa Francisco a \u00c1frica lleg\u00f3 a su fin. En la<\/p>\n","protected":false},"author":1,"featured_media":0,"comment_status":"open","ping_status":"open","sticky":false,"template":"","format":"standard","meta":{"footnotes":""},"categories":[16],"tags":[],"class_list":["post-3544","post","type-post","status-publish","format-standard","hentry","category-internacionales"],"_links":{"self":[{"href":"https:\/\/defrentealaverdad.com\/index.php\/wp-json\/wp\/v2\/posts\/3544","targetHints":{"allow":["GET"]}}],"collection":[{"href":"https:\/\/defrentealaverdad.com\/index.php\/wp-json\/wp\/v2\/posts"}],"about":[{"href":"https:\/\/defrentealaverdad.com\/index.php\/wp-json\/wp\/v2\/types\/post"}],"author":[{"embeddable":true,"href":"https:\/\/defrentealaverdad.com\/index.php\/wp-json\/wp\/v2\/users\/1"}],"replies":[{"embeddable":true,"href":"https:\/\/defrentealaverdad.com\/index.php\/wp-json\/wp\/v2\/comments?post=3544"}],"version-history":[{"count":2,"href":"https:\/\/defrentealaverdad.com\/index.php\/wp-json\/wp\/v2\/posts\/3544\/revisions"}],"predecessor-version":[{"id":3546,"href":"https:\/\/defrentealaverdad.com\/index.php\/wp-json\/wp\/v2\/posts\/3544\/revisions\/3546"}],"wp:attachment":[{"href":"https:\/\/defrentealaverdad.com\/index.php\/wp-json\/wp\/v2\/media?parent=3544"}],"wp:term":[{"taxonomy":"category","embeddable":true,"href":"https:\/\/defrentealaverdad.com\/index.php\/wp-json\/wp\/v2\/categories?post=3544"},{"taxonomy":"post_tag","embeddable":true,"href":"https:\/\/defrentealaverdad.com\/index.php\/wp-json\/wp\/v2\/tags?post=3544"}],"curies":[{"name":"wp","href":"https:\/\/api.w.org\/{rel}","templated":true}]}}