{"id":3512,"date":"2023-02-01T16:47:46","date_gmt":"2023-02-01T16:47:46","guid":{"rendered":"https:\/\/defrentealaverdad.com\/?p=3512"},"modified":"2023-02-02T16:48:25","modified_gmt":"2023-02-02T16:48:25","slug":"colocan-escudo-dominicano-en-calle-42-de-la-avenida-de-las-americas-de-manhattan-nueva-york","status":"publish","type":"post","link":"https:\/\/defrentealaverdad.com\/index.php\/2023\/02\/01\/colocan-escudo-dominicano-en-calle-42-de-la-avenida-de-las-americas-de-manhattan-nueva-york\/","title":{"rendered":"Colocan escudo dominicano en calle 42 de la \u201cAvenida de las Am\u00e9ricas\u201d de Manhattan, Nueva York."},"content":{"rendered":"<figure class=\"post-featured-image page-single-featured-image post-img-wrap\">\n<div class=\"a-post-img\" style=\"text-align: justify;\"><img decoding=\"async\" class=\"post-img wp-post-image lazyload\" data-src=\"https:\/\/articulandord.com\/wp-content\/uploads\/2023\/02\/img_6032.jpg\" data-sizes=\"(max-width: 1242px) 100vw, 1242px\" data-srcset=\"https:\/\/i0.wp.com\/articulandord.com\/wp-content\/uploads\/2023\/02\/img_6032.jpg?w=1242&amp;ssl=1 1242w, https:\/\/i0.wp.com\/articulandord.com\/wp-content\/uploads\/2023\/02\/img_6032.jpg?resize=300%2C184&amp;ssl=1 300w, https:\/\/i0.wp.com\/articulandord.com\/wp-content\/uploads\/2023\/02\/img_6032.jpg?resize=1024%2C628&amp;ssl=1 1024w, https:\/\/i0.wp.com\/articulandord.com\/wp-content\/uploads\/2023\/02\/img_6032.jpg?resize=768%2C471&amp;ssl=1 768w, https:\/\/i0.wp.com\/articulandord.com\/wp-content\/uploads\/2023\/02\/img_6032.jpg?resize=1200%2C736&amp;ssl=1 1200w, https:\/\/i0.wp.com\/articulandord.com\/wp-content\/uploads\/2023\/02\/img_6032.jpg?resize=600%2C368&amp;ssl=1 600w\" alt=\"\" width=\"1242\" height=\"762\" data-attachment-id=\"11232\" data-permalink=\"https:\/\/articulandord.com\/?attachment_id=11232\" data-orig-file=\"https:\/\/i0.wp.com\/articulandord.com\/wp-content\/uploads\/2023\/02\/img_6032.jpg?fit=1242%2C762&amp;ssl=1\" data-orig-size=\"1242,762\" data-comments-opened=\"1\" data-image-meta=\"{&quot;aperture&quot;:&quot;0&quot;,&quot;credit&quot;:&quot;&quot;,&quot;camera&quot;:&quot;&quot;,&quot;caption&quot;:&quot;&quot;,&quot;created_timestamp&quot;:&quot;0&quot;,&quot;copyright&quot;:&quot;&quot;,&quot;focal_length&quot;:&quot;0&quot;,&quot;iso&quot;:&quot;0&quot;,&quot;shutter_speed&quot;:&quot;0&quot;,&quot;title&quot;:&quot;&quot;,&quot;orientation&quot;:&quot;1&quot;}\" data-image-title=\"img_6032\" data-image-description=\"\" data-image-caption=\"\" data-medium-file=\"https:\/\/i0.wp.com\/articulandord.com\/wp-content\/uploads\/2023\/02\/img_6032.jpg?fit=300%2C184&amp;ssl=1\" data-large-file=\"https:\/\/i0.wp.com\/articulandord.com\/wp-content\/uploads\/2023\/02\/img_6032.jpg?fit=1024%2C628&amp;ssl=1\" src=\"data:image\/svg+xml;base64,PHN2ZyB3aWR0aD0iMSIgaGVpZ2h0PSIxIiB4bWxucz0iaHR0cDovL3d3dy53My5vcmcvMjAwMC9zdmciPjwvc3ZnPg==\" style=\"--smush-placeholder-width: 1242px; --smush-placeholder-aspect-ratio: 1242\/762;\" \/><\/div>\n<\/figure>\n<div class=\"entry-content\">\n<p style=\"text-align: justify;\">El Departamento de Transporte de Nueva York (NYC DOT, por sus siglas en ingl\u00e9s) instal\u00f3 el escudo de la bandera de Rep\u00fablica Dominicana en la calle West 42 de la avenida Seis, tambi\u00e9n conocida como la \u201cAvenida de las Am\u00e9ricas\u201d.<\/p>\n<p style=\"text-align: justify;\">Se trata de un medall\u00f3n, hecho de aluminio, que fue colocado en un poste de luz que lleva la se\u00f1alizaci\u00f3n de la referida calle.<\/p>\n<p style=\"text-align: justify;\">El medall\u00f3n en cuesti\u00f3n fue revelado en un acto, en el que tambi\u00e9n fueron colocados los escudos de otras ocho naciones en varias calles de la mencionada avenida.<\/p>\n<p style=\"text-align: justify;\">Este evento forma parte de un proyecto de renovaci\u00f3n de estos medallones, instaurados hace varias d\u00e9cadas, con la idea de eventualmente colocar los escudos de m\u00e1s pa\u00edses en los pr\u00f3ximos meses.<\/p>\n<p style=\"text-align: justify;\">En el evento particip\u00f3 el comisionado del Departamento de Transporte de Nueva York, el dominicano Ydanis Rodr\u00edguez, quien resalt\u00f3 la necesidad de celebrar las distintas nacionalidades de muchos residentes de Nueva York<\/p>\n<p style=\"text-align: justify;\">\u201cLa creaci\u00f3n de la Avenida de las Am\u00e9ricas en 1945 fue un gran gesto que celebr\u00f3 las culturas de nuestro hemisferio, y estos nuevos y hermosos medallones honran de nuevo las nacionalidades de muchas de las personas que viven, trabajan y visitan la ciudad de Nueva York\u201d, dijo Rodr\u00edguez.<\/p>\n<p style=\"text-align: justify;\"><strong>Sobre los medallones<\/strong><\/p>\n<p style=\"text-align: justify;\">De acuerdo con el NYC DOT, los nuevos medallones circulares tienen un metro de di\u00e1metro y est\u00e1n fabricados en aluminio, que es m\u00e1s ligero y resistente a la intemperie que el material del que estaban hechos los anteriores.<\/p>\n<p style=\"text-align: justify;\">\u201cLos nuevos medallones, m\u00e1s parecidos a las se\u00f1ales de tr\u00e1fico por carretera en cuanto a grosor que los materiales de se\u00f1alizaci\u00f3n est\u00e1ndar del Departamento de Transportes, se fijar\u00e1n al alumbrado p\u00fablico con soportes m\u00e1s resistentes, un dise\u00f1o que pretende ser m\u00e1s duradero y f\u00e1cil de mantener, a la vez que lo bastante flexible como para permitir ajustes en caso de grandes acontecimientos, como el desfile del D\u00eda de Acci\u00f3n de Gracias\u201d, le\u00eda parte de un comunicado de la instituci\u00f3n.<\/p>\n<\/div>\n","protected":false},"excerpt":{"rendered":"<p>El Departamento de Transporte de Nueva York (NYC DOT, por sus siglas en ingl\u00e9s) instal\u00f3<\/p>\n","protected":false},"author":1,"featured_media":0,"comment_status":"open","ping_status":"open","sticky":false,"template":"","format":"standard","meta":{"footnotes":""},"categories":[16],"tags":[],"class_list":["post-3512","post","type-post","status-publish","format-standard","hentry","category-internacionales"],"_links":{"self":[{"href":"https:\/\/defrentealaverdad.com\/index.php\/wp-json\/wp\/v2\/posts\/3512","targetHints":{"allow":["GET"]}}],"collection":[{"href":"https:\/\/defrentealaverdad.com\/index.php\/wp-json\/wp\/v2\/posts"}],"about":[{"href":"https:\/\/defrentealaverdad.com\/index.php\/wp-json\/wp\/v2\/types\/post"}],"author":[{"embeddable":true,"href":"https:\/\/defrentealaverdad.com\/index.php\/wp-json\/wp\/v2\/users\/1"}],"replies":[{"embeddable":true,"href":"https:\/\/defrentealaverdad.com\/index.php\/wp-json\/wp\/v2\/comments?post=3512"}],"version-history":[{"count":2,"href":"https:\/\/defrentealaverdad.com\/index.php\/wp-json\/wp\/v2\/posts\/3512\/revisions"}],"predecessor-version":[{"id":3514,"href":"https:\/\/defrentealaverdad.com\/index.php\/wp-json\/wp\/v2\/posts\/3512\/revisions\/3514"}],"wp:attachment":[{"href":"https:\/\/defrentealaverdad.com\/index.php\/wp-json\/wp\/v2\/media?parent=3512"}],"wp:term":[{"taxonomy":"category","embeddable":true,"href":"https:\/\/defrentealaverdad.com\/index.php\/wp-json\/wp\/v2\/categories?post=3512"},{"taxonomy":"post_tag","embeddable":true,"href":"https:\/\/defrentealaverdad.com\/index.php\/wp-json\/wp\/v2\/tags?post=3512"}],"curies":[{"name":"wp","href":"https:\/\/api.w.org\/{rel}","templated":true}]}}