{"id":35111,"date":"2024-12-13T21:49:17","date_gmt":"2024-12-13T21:49:17","guid":{"rendered":"https:\/\/defrentealaverdad.com\/?p=35111"},"modified":"2024-12-13T21:49:17","modified_gmt":"2024-12-13T21:49:17","slug":"comunicadora-rosario-medina-gomez-denuncia-caos-en-la-rd-y-exige-accion-gubernamental-inmediata","status":"publish","type":"post","link":"https:\/\/defrentealaverdad.com\/index.php\/2024\/12\/13\/comunicadora-rosario-medina-gomez-denuncia-caos-en-la-rd-y-exige-accion-gubernamental-inmediata\/","title":{"rendered":"Comunicadora Rosario Medina G\u00f3mez denuncia caos en la RD y exige acci\u00f3n gubernamental inmediata"},"content":{"rendered":"<p style=\"text-align: justify;\">Santo Domingo. La comunicadora Rosario Medina G\u00f3mez expres\u00f3 su profunda preocupaci\u00f3n por el caos deliberado que, seg\u00fan afirma, impera en la Rep\u00fablica Dominicana debido a la inacci\u00f3n de las autoridades.<\/p>\n<p style=\"text-align: justify;\">En declaraciones recientes, denunci\u00f3 que la permisividad gubernamental est\u00e1 llevando al pa\u00eds a una situaci\u00f3n insostenible, y llam\u00f3 a tomar medidas urgentes antes de que el desorden se torne incontrolable.<\/p>\n<p style=\"text-align: justify;\">Medina G\u00f3mez se refiri\u00f3 a un incidente ocurrido en la autopista Duarte, una de las v\u00edas con mayor flujo de tr\u00e1nsito en el pa\u00eds, donde un grupo de motoristas bloque\u00f3 la carretera alrededor de las 7:05 de la noche.<\/p>\n<blockquote>\n<p style=\"text-align: justify;\">\u00ab\u00bfQu\u00e9 sucede en un pa\u00eds cuando decenas de motoristas se constituyen en autoridad y toman el control de una v\u00eda tan importante, bloque\u00e1ndola por varios minutos?\u00bb, cuestion\u00f3, mostrando su indignaci\u00f3n ante la falta de respuesta por parte de las autoridades.<\/p>\n<\/blockquote>\n<p>&nbsp;<\/p>\n<p style=\"text-align: justify;\">La comunicadora se\u00f1al\u00f3 que ha reportado esta problem\u00e1tica a la Direcci\u00f3n General de Seguridad de Tr\u00e1nsito y Transporte Terrestre (DIGESETT), al Ministerio de Interior y Polic\u00eda, y al vocero de la Polic\u00eda Nacional, Diego Pesqueira, sin recibir respuesta alguna.<\/p>\n<p style=\"text-align: justify;\">Medina G\u00f3mez record\u00f3 que la Ley 63-17, que regula la libre circulaci\u00f3n y la prohibici\u00f3n de obstaculizar el tr\u00e1nsito, es clara en cuanto a estas acciones. Sin embargo, denunci\u00f3 que esta normativa es violada de manera constante sin que las autoridades intervengan para hacerla cumplir.<\/p>\n<blockquote>\n<p style=\"text-align: justify;\">\u00abCalific\u00f3 esta acci\u00f3n como un acto terrorista, porque perturba la paz y tranquilidad de la poblaci\u00f3n, adem\u00e1s de poner en riesgo a quienes hacen un uso responsable de las v\u00edas p\u00fablicas\u00bb, afirm\u00f3 contundentemente.<\/p>\n<\/blockquote>\n<p>Ver Instagram de la comunicadora: <a href=\"https:\/\/www.instagram.com\/reel\/DDS5SXavIFD\/?igsh=MWRwaW14MGlrNXQ5dA==\">https:\/\/www.instagram.com\/reel\/DDS5SXavIFD\/?igsh=MWRwaW14MGlrNXQ5dA==<\/a><\/p>\n<p><strong>Motivo del bloqueo<\/strong><\/p>\n<p style=\"text-align: justify;\">La comunicadora explic\u00f3 que el bloqueo fue organizado por un grupo de personas que planeaban iniciar una carrera de motocicletas, en la que, seg\u00fan su denuncia, se realizan apuestas de dinero.<\/p>\n<blockquote>\n<p style=\"text-align: justify;\">\u00abLos dem\u00e1s conductores tuvimos que esperar, porque ante ese enjambre de personas, lo \u00fanico que pod\u00edamos hacer era evitar una confrontaci\u00f3n que pod\u00eda terminar en agresiones\u00bb, relat\u00f3.<\/p>\n<p style=\"text-align: justify;\">Dijo no entender porque en el pa\u00eds, desde la Digesett, la Polic\u00eda y el gobierno se permite este tipo de libertades a los delincuentes creerse que ellos son los que mandan.\u201cYo necesito que me lo respondan, porque usted y yo estamos durmiendo y no nos hemos dado cuenta que esta gente del gobierno ha permitido un caos que nos est\u00e1 arropando y nos est\u00e1 asfixiando, porque su cerebro ha sido programado para la distracci\u00f3n y la porquer\u00eda\u201d, manifest\u00f3.<\/p>\n<\/blockquote>\n<p style=\"text-align: justify;\">Record\u00f3 que en el pa\u00eds se ha vuelto una pr\u00e1ctica de mal gusto resucitar algunos temas, solo con la intenci\u00f3n de desviar la atenci\u00f3n de la poblaci\u00f3n, puso como ejemplo el caso de las tarjetas que se est\u00e1n dando.<\/p>\n<blockquote>\n<p style=\"text-align: justify;\">\u201cMal entregado, mal manejado y poco transparente, pero con el cual nos est\u00e1n distrayendo. Yo no s\u00e9 qu\u00e9 es lo que quieren, que es lo que buscan, porque no creo que a ning\u00fan presidente democr\u00e1tico le convenga que en su biograf\u00eda se vea toda esta barbaridad que est\u00e1 pasando aqu\u00ed\u201d, razon\u00f3.<\/p>\n<\/blockquote>\n<p style=\"text-align: justify;\">Entiende que el caos deliberado que est\u00e1 cometiendo el gobierno, no se corresponde con la confianza que el pueblo dominicano deposit\u00f3 en el presidente Luis Abinader al elegirlo en dos ocasiones.<\/p>\n<p style=\"text-align: justify;\">En tal sentido expuso <em>\u201cSe\u00f1or Presidente, esto es una democracia y usted gan\u00f3 dos veces. Si, los n\u00fameros dicen que usted gan\u00f3 dos veces, sin embargo, usted sabe que es triste y dif\u00edcil saber que, am\u00e9n de los problemas socioecon\u00f3micos que tenemos, tambi\u00e9n sentir la indefensi\u00f3n por parte de las autoridades es una pena\u201d.<\/em><\/p>\n<p style=\"text-align: justify;\">Calific\u00f3 como deplorable, vergonzoso y desmotivador ver el caos en que uno tiene que respirar en el d\u00eda a d\u00eda. A su juicio el Gobierno debe actuar con firmeza, especialmente frente a quienes representan una amenaza para la paz y el orden del pa\u00eds.<\/p>\n<p style=\"text-align: justify;\">Finalmente, Medina G\u00f3mez hizo un llamado al gobierno del presidente Luis Abinader, recordando que fue elegido por la poblaci\u00f3n no para permitir el caos y el desorden, sino para hacer cumplir las leyes y garantizar la seguridad ciudadana.<\/p>\n<p>&nbsp;<\/p>\n<p>Llamado: <a href=\"https:\/\/youtu.be\/VuQLByvqDRc?si=5NFNhIpbIDQIIGRQ\">https:\/\/youtu.be\/VuQLByvqDRc?si=5NFNhIpbIDQIIGRQ<\/a><\/p>\n<p>&nbsp;<\/p>\n<p>Fuente: Informaciones a Nivel<\/p>\n","protected":false},"excerpt":{"rendered":"<p>Santo Domingo. La comunicadora Rosario Medina G\u00f3mez expres\u00f3 su profunda preocupaci\u00f3n por el caos deliberado<\/p>\n","protected":false},"author":1,"featured_media":35112,"comment_status":"open","ping_status":"open","sticky":false,"template":"","format":"standard","meta":{"footnotes":""},"categories":[7],"tags":[],"class_list":["post-35111","post","type-post","status-publish","format-standard","has-post-thumbnail","hentry","category-nacionales"],"_links":{"self":[{"href":"https:\/\/defrentealaverdad.com\/index.php\/wp-json\/wp\/v2\/posts\/35111","targetHints":{"allow":["GET"]}}],"collection":[{"href":"https:\/\/defrentealaverdad.com\/index.php\/wp-json\/wp\/v2\/posts"}],"about":[{"href":"https:\/\/defrentealaverdad.com\/index.php\/wp-json\/wp\/v2\/types\/post"}],"author":[{"embeddable":true,"href":"https:\/\/defrentealaverdad.com\/index.php\/wp-json\/wp\/v2\/users\/1"}],"replies":[{"embeddable":true,"href":"https:\/\/defrentealaverdad.com\/index.php\/wp-json\/wp\/v2\/comments?post=35111"}],"version-history":[{"count":1,"href":"https:\/\/defrentealaverdad.com\/index.php\/wp-json\/wp\/v2\/posts\/35111\/revisions"}],"predecessor-version":[{"id":35113,"href":"https:\/\/defrentealaverdad.com\/index.php\/wp-json\/wp\/v2\/posts\/35111\/revisions\/35113"}],"wp:featuredmedia":[{"embeddable":true,"href":"https:\/\/defrentealaverdad.com\/index.php\/wp-json\/wp\/v2\/media\/35112"}],"wp:attachment":[{"href":"https:\/\/defrentealaverdad.com\/index.php\/wp-json\/wp\/v2\/media?parent=35111"}],"wp:term":[{"taxonomy":"category","embeddable":true,"href":"https:\/\/defrentealaverdad.com\/index.php\/wp-json\/wp\/v2\/categories?post=35111"},{"taxonomy":"post_tag","embeddable":true,"href":"https:\/\/defrentealaverdad.com\/index.php\/wp-json\/wp\/v2\/tags?post=35111"}],"curies":[{"name":"wp","href":"https:\/\/api.w.org\/{rel}","templated":true}]}}